{"id":3345,"date":"2009-10-30T07:09:23","date_gmt":"2009-10-30T12:09:23","guid":{"rendered":"https:\/\/blog.bellostes.com\/?p=3345"},"modified":"2010-07-01T10:36:47","modified_gmt":"2010-07-01T15:36:47","slug":"el-lugar-de-la-comunicacion-the-thing-installation","status":"publish","type":"post","link":"https:\/\/blog.bellostes.com\/?p=3345","title":{"rendered":"el lugar de la comunicaci\u00f3n &#8211; the thing, installation"},"content":{"rendered":"<p><a href=\"https:\/\/blog.bellostes.com\/media\/the-thing-installation-02.png\"><img loading=\"lazy\" decoding=\"async\" width=\"675\" height=\"201\" class=\"alignnone size-full wp-image-3346\" title=\"the-thing-installation-02\" src=\"https:\/\/blog.bellostes.com\/media\/the-thing-installation-02.png\" alt=\"\" srcset=\"https:\/\/blog.bellostes.com\/media\/the-thing-installation-02.png 675w, https:\/\/blog.bellostes.com\/media\/the-thing-installation-02-330x98.png 330w\" sizes=\"auto, (max-width: 675px) 100vw, 675px\" \/><\/a><\/p>\n<p>The Thing installation\u00a0 (ben van berkel &amp; the theatre of immanence \/ Portikus), Frankfurt &#8211; Germany (2007). Arquitectura,\u00a0 Ben van Berkel, en colaboraci\u00f3n con Johan Bettum y Luis Etchegorry. Fotograf\u00edas, Wolfgang G\u00fcnzel\u00a0 (arriba) y Luis Etchegorry (abajo).<\/p>\n<p>\u00abben van berkel &amp; the theatre of immanence\u00bb es una exposici\u00f3n en al que se aborda el tema del  \u00abespacio de la comunicaci\u00f3n\u00bb desarrollado con los participantes del proyecto  organizado por el \u00abthe st\u00e4delschule architecture class\u00bb.<\/p>\n<p><a href=\"https:\/\/blog.bellostes.com\/media\/the-thing-installation.png\"><img loading=\"lazy\" decoding=\"async\" width=\"675\" height=\"197\" class=\"alignnone size-full wp-image-3347\" title=\"the-thing-installation\" src=\"https:\/\/blog.bellostes.com\/media\/the-thing-installation.png\" alt=\"\" srcset=\"https:\/\/blog.bellostes.com\/media\/the-thing-installation.png 675w, https:\/\/blog.bellostes.com\/media\/the-thing-installation-330x96.png 330w\" sizes=\"auto, (max-width: 675px) 100vw, 675px\" \/><\/a><\/p>\n<p>La instalaci\u00f3n \u00abthe thing\u00bb es una estructura que se inserta en el espacio expositivo con el objetivo de acoger los resultados del proyecto, que se han concretado en m\u00faltiples formatos, incluida la propia instalaci\u00f3n.<\/p>\n<p>En la planta baja se exponen  los contenidos f\u00edsicos, mientras que en  la plataforma elevada, el espacio invita a la exposici\u00f3n verbal y compartida de las ideas, mediante  conferencias, representaciones art\u00edsticas, mesas redondas,  etc.<\/p>\n<p>La instalaci\u00f3n espacial \u00abthe thing\u00bb se ha completado con la instalaci\u00f3n lum\u00ednica \u00abOn Things Of(f) Things On\u00bb.<\/p>\n<p>+\u00a0<a href=\"http:\/\/www.unstudio.com\/nl\/unstudio\/media\/galleries\/recent-exhibition-designs#img12\">The Thing installation &#8211; UNStudio<\/a> (reportaje de fotograf\u00edas, ilustraciones y \u00ab<a href=\"http:\/\/www.unstudio.com\/nl\/unstudio\/news\/recent-news\/the-theatre-of-immanence\">descripci\u00f3n<\/a>\u00ab)<br \/>\n+ <a href=\"http:\/\/www.o-s-d.com\/de\/ingenieurbauten\/messe_event\/16\">The Thing installation &#8211; osd ingenieure<\/a> (descripci\u00f3n, ilustraciones y fotograf\u00edas)<br \/>\n+\u00a0<a href=\"http:\/\/www.meso.net\/Portikus07\">The Thing installation &#8211; meso<\/a> (art\u00edculo de texto y reportaje de fotograf\u00edas)<br \/>\n+ <a href=\"http:\/\/www.portikus.de\/ArchiveA0150.html#\">The Thing installation &#8211; portikus<\/a> (art\u00edculo de texto con fotograf\u00edas)<br \/>\n+ <a href=\"http:\/\/www.staedelschule.com\/architecture\/the_theatre_of_immanence.html\">The Thing installation &#8211; staedelschule<\/a> (art\u00edculo de texto con fotograf\u00edas)<br \/>\n+\u00a0<a href=\"http:\/\/www.designboom.com\/weblog\/cat\/9\/view\/1980\/ben-van-berkel-the-theatre-of-immanence.html\">The Thing installation &#8211; designboom<\/a> (art\u00edculo con planos y fotograf\u00edas)<\/p>\n","protected":false},"excerpt":{"rendered":"<p>The Thing installation\u00a0 (ben van berkel &amp; the theatre of immanence \/ Portikus), Frankfurt &#8211; Germany (2007). Arquitectura,\u00a0 Ben van Berkel, en colaboraci\u00f3n con Johan Bettum y Luis Etchegorry. Fotograf\u00edas, Wolfgang G\u00fcnzel\u00a0 (arriba) y Luis Etchegorry (abajo). \u00abben van berkel &hellip; <a href=\"https:\/\/blog.bellostes.com\/?p=3345\">Continua leyendo <span class=\"meta-nav\">&raquo;<\/span><\/a><\/p>\n","protected":false},"author":1,"featured_media":0,"comment_status":"open","ping_status":"open","sticky":false,"template":"","format":"standard","meta":{"footnotes":""},"categories":[7,20,45,24],"tags":[],"class_list":["post-3345","post","type-post","status-publish","format-standard","hentry","category-arquitects","category-arquitectura-efimera","category-arquitectura-y-multimedia","category-exposiciones"],"_links":{"self":[{"href":"https:\/\/blog.bellostes.com\/index.php?rest_route=\/wp\/v2\/posts\/3345","targetHints":{"allow":["GET"]}}],"collection":[{"href":"https:\/\/blog.bellostes.com\/index.php?rest_route=\/wp\/v2\/posts"}],"about":[{"href":"https:\/\/blog.bellostes.com\/index.php?rest_route=\/wp\/v2\/types\/post"}],"author":[{"embeddable":true,"href":"https:\/\/blog.bellostes.com\/index.php?rest_route=\/wp\/v2\/users\/1"}],"replies":[{"embeddable":true,"href":"https:\/\/blog.bellostes.com\/index.php?rest_route=%2Fwp%2Fv2%2Fcomments&post=3345"}],"version-history":[{"count":0,"href":"https:\/\/blog.bellostes.com\/index.php?rest_route=\/wp\/v2\/posts\/3345\/revisions"}],"wp:attachment":[{"href":"https:\/\/blog.bellostes.com\/index.php?rest_route=%2Fwp%2Fv2%2Fmedia&parent=3345"}],"wp:term":[{"taxonomy":"category","embeddable":true,"href":"https:\/\/blog.bellostes.com\/index.php?rest_route=%2Fwp%2Fv2%2Fcategories&post=3345"},{"taxonomy":"post_tag","embeddable":true,"href":"https:\/\/blog.bellostes.com\/index.php?rest_route=%2Fwp%2Fv2%2Ftags&post=3345"}],"curies":[{"name":"wp","href":"https:\/\/api.w.org\/{rel}","templated":true}]}}