{"id":3358,"date":"2009-11-03T06:57:42","date_gmt":"2009-11-03T11:57:42","guid":{"rendered":"https:\/\/blog.bellostes.com\/?p=3358"},"modified":"2009-11-12T15:11:27","modified_gmt":"2009-11-12T20:11:27","slug":"biblioteca-abierta-open-air-library","status":"publish","type":"post","link":"https:\/\/blog.bellostes.com\/?p=3358","title":{"rendered":"biblioteca abierta &#8211; open air library"},"content":{"rendered":"<p><a href=\"https:\/\/blog.bellostes.com\/media\/open-air-library.png\"><img loading=\"lazy\" decoding=\"async\" width=\"675\" height=\"202\" class=\"alignnone size-full wp-image-3359\" title=\"open-air-library\" src=\"https:\/\/blog.bellostes.com\/media\/open-air-library.png\" alt=\"\" srcset=\"https:\/\/blog.bellostes.com\/media\/open-air-library.png 675w, https:\/\/blog.bellostes.com\/media\/open-air-library-330x98.png 330w\" sizes=\"auto, (max-width: 675px) 100vw, 675px\" \/><\/a><\/p>\n<p>Open air library, Magdeburg &#8211; Germany (2009). Arquitectura, \u00ab<a href=\"http:\/\/www.karo-architekten.de\/index2.html\">KARO Architecten<\/a>\u00ab. Fotograf\u00edas, Anja Schlamann.<\/p>\n<p>El proyecto materializa el resultado de la colaboraci\u00f3n entre vecinos, arquitectos y entidades p\u00fablicas que han intervenido en el desarrollo f\u00edsico y conceptual de la biblioteca.<\/p>\n<p>La biblioteca al aire-libre, es de hecho, un punto de almacenaje y distribuci\u00f3n de libros, abierto las 24h del d\u00eda, los 7 d\u00edas de la semana. El fondo de la biblioteca se abastece con las donaciones de los vecinos y la sala de lectura, es la plaza p\u00fablica o cualquier punto de la ciudad donde se pueda leer.<\/p>\n<p>Con el objetivo de decidir la estructura f\u00edsica del equipamiento, se construy\u00f3, en el mismo emplazamiento, una maqueta a escala 1:1, con 1000 cajas de cart\u00f3n.<\/p>\n<p>Los bloques de hormig\u00f3n blanco de las fachadas, proceden del edificio de las bodegas \u00abHorten\u00bb construido en 1966 y derribado en 2007.<\/p>\n<p>+ <a href=\"http:\/\/www.archdaily.com\/39417\/open-air-library-karo-architekten\/\">Open air library &#8211; Arch Daily<\/a> (art\u00edculo de texto con fotograf\u00edas y planos)<br \/>\n+ <a href=\"http:\/\/www.inhabitat.com\/2009\/11\/03\/stunning-open-air-library-pops-up-in-east-germany\/\">Open air library &#8211; inhabitat<\/a> (art\u00edculo de texto con fotograf\u00edas)<br \/>\n+ <a href=\"http:\/\/www.schlamann.com\/index.php?id=20\">Open air library &#8211; Anja Schlamann<\/a> (reportaje de fotograf\u00edas, en flash)<\/p>\n","protected":false},"excerpt":{"rendered":"<p>Open air library, Magdeburg &#8211; Germany (2009). Arquitectura, \u00abKARO Architecten\u00ab. Fotograf\u00edas, Anja Schlamann. El proyecto materializa el resultado de la colaboraci\u00f3n entre vecinos, arquitectos y entidades p\u00fablicas que han intervenido en el desarrollo f\u00edsico y conceptual de la biblioteca. La &hellip; <a href=\"https:\/\/blog.bellostes.com\/?p=3358\">Continua leyendo <span class=\"meta-nav\">&raquo;<\/span><\/a><\/p>\n","protected":false},"author":1,"featured_media":0,"comment_status":"open","ping_status":"open","sticky":false,"template":"","format":"standard","meta":{"footnotes":""},"categories":[7,29,42,37],"tags":[68],"class_list":["post-3358","post","type-post","status-publish","format-standard","hentry","category-arquitects","category-arquitectura-y-espacio-publico","category-arquitectura-y-hormigon-visto","category-proyectos-espacios-culturales","tag-bibliotecas"],"_links":{"self":[{"href":"https:\/\/blog.bellostes.com\/index.php?rest_route=\/wp\/v2\/posts\/3358","targetHints":{"allow":["GET"]}}],"collection":[{"href":"https:\/\/blog.bellostes.com\/index.php?rest_route=\/wp\/v2\/posts"}],"about":[{"href":"https:\/\/blog.bellostes.com\/index.php?rest_route=\/wp\/v2\/types\/post"}],"author":[{"embeddable":true,"href":"https:\/\/blog.bellostes.com\/index.php?rest_route=\/wp\/v2\/users\/1"}],"replies":[{"embeddable":true,"href":"https:\/\/blog.bellostes.com\/index.php?rest_route=%2Fwp%2Fv2%2Fcomments&post=3358"}],"version-history":[{"count":0,"href":"https:\/\/blog.bellostes.com\/index.php?rest_route=\/wp\/v2\/posts\/3358\/revisions"}],"wp:attachment":[{"href":"https:\/\/blog.bellostes.com\/index.php?rest_route=%2Fwp%2Fv2%2Fmedia&parent=3358"}],"wp:term":[{"taxonomy":"category","embeddable":true,"href":"https:\/\/blog.bellostes.com\/index.php?rest_route=%2Fwp%2Fv2%2Fcategories&post=3358"},{"taxonomy":"post_tag","embeddable":true,"href":"https:\/\/blog.bellostes.com\/index.php?rest_route=%2Fwp%2Fv2%2Ftags&post=3358"}],"curies":[{"name":"wp","href":"https:\/\/api.w.org\/{rel}","templated":true}]}}