{"id":3483,"date":"2009-12-17T05:40:29","date_gmt":"2009-12-17T10:40:29","guid":{"rendered":"https:\/\/blog.bellostes.com\/?p=3483"},"modified":"2011-08-16T20:16:47","modified_gmt":"2011-08-16T18:16:47","slug":"arboles-de-acero-the-tote-banqueting-hall","status":"publish","type":"post","link":"https:\/\/blog.bellostes.com\/?p=3483","title":{"rendered":"arboles de acero &#8211; the tote, banqueting hall"},"content":{"rendered":"<p><a href=\"https:\/\/blog.bellostes.com\/media\/the-tote-banqueting-hall.png\"><img loading=\"lazy\" decoding=\"async\" width=\"675\" height=\"202\" class=\"alignnone size-full wp-image-3487\" title=\"the-tote-banqueting-hall\" src=\"https:\/\/blog.bellostes.com\/media\/the-tote-banqueting-hall.png\" alt=\"\" srcset=\"https:\/\/blog.bellostes.com\/media\/the-tote-banqueting-hall.png 675w, https:\/\/blog.bellostes.com\/media\/the-tote-banqueting-hall-330x98.png 330w\" sizes=\"auto, (max-width: 675px) 100vw, 675px\" \/><\/a><\/p>\n<p>The tote banqueting hall, Mumbai &#8211; India (2009). Arquitectura, Chris Lee y Kapil Gupta \u00abSerie Architects\u00bb. Fotograf\u00edas, Fram Petit.<\/p>\n<p>El proyecto resuelve la construcci\u00f3n de un sal\u00f3n para banquetes y la estructura reproduce un jard\u00edn de arboles de acero blancos.<\/p>\n<p>+ <a href=\"http:\/\/www.serie.co.uk\/HTML%20Files\/Project\/Serie%20deGustibus01.html\">The tote banqueting hall &#8211; Serie Architects<\/a> (descripci\u00f3n y fotograf\u00edas)<br \/>\n+ <a href=\"http:\/\/www.dezeen.com\/2009\/12\/07\/the-tote-by-serie-architects\/\">The tote banqueting hall &#8211; Dezeen<\/a> (art\u00edculo de texto con fotograf\u00edas y planos)<br \/>\n+ <a href=\"http:\/\/www.archdaily.com\/43090\/the-tote-serie-architects\/\">The tote banqueting hall &#8211; ArchDaily<\/a> (art\u00edculo de texto con fotograf\u00edas y planos)<\/p>\n","protected":false},"excerpt":{"rendered":"<p>The tote banqueting hall, Mumbai &#8211; India (2009). Arquitectura, Chris Lee y Kapil Gupta \u00abSerie Architects\u00bb. Fotograf\u00edas, Fram Petit. El proyecto resuelve la construcci\u00f3n de un sal\u00f3n para banquetes y la estructura reproduce un jard\u00edn de arboles de acero blancos. &hellip; <a href=\"https:\/\/blog.bellostes.com\/?p=3483\">Continua leyendo <span class=\"meta-nav\">&raquo;<\/span><\/a><\/p>\n","protected":false},"author":1,"featured_media":0,"comment_status":"open","ping_status":"open","sticky":false,"template":"","format":"standard","meta":{"footnotes":""},"categories":[7,123,36],"tags":[64],"class_list":["post-3483","post","type-post","status-publish","format-standard","hentry","category-arquitects","category-arquitectura-y-acero","category-proyectos-espacios-comerciales","tag-restaurantes"],"_links":{"self":[{"href":"https:\/\/blog.bellostes.com\/index.php?rest_route=\/wp\/v2\/posts\/3483","targetHints":{"allow":["GET"]}}],"collection":[{"href":"https:\/\/blog.bellostes.com\/index.php?rest_route=\/wp\/v2\/posts"}],"about":[{"href":"https:\/\/blog.bellostes.com\/index.php?rest_route=\/wp\/v2\/types\/post"}],"author":[{"embeddable":true,"href":"https:\/\/blog.bellostes.com\/index.php?rest_route=\/wp\/v2\/users\/1"}],"replies":[{"embeddable":true,"href":"https:\/\/blog.bellostes.com\/index.php?rest_route=%2Fwp%2Fv2%2Fcomments&post=3483"}],"version-history":[{"count":4,"href":"https:\/\/blog.bellostes.com\/index.php?rest_route=\/wp\/v2\/posts\/3483\/revisions"}],"predecessor-version":[{"id":16898,"href":"https:\/\/blog.bellostes.com\/index.php?rest_route=\/wp\/v2\/posts\/3483\/revisions\/16898"}],"wp:attachment":[{"href":"https:\/\/blog.bellostes.com\/index.php?rest_route=%2Fwp%2Fv2%2Fmedia&parent=3483"}],"wp:term":[{"taxonomy":"category","embeddable":true,"href":"https:\/\/blog.bellostes.com\/index.php?rest_route=%2Fwp%2Fv2%2Fcategories&post=3483"},{"taxonomy":"post_tag","embeddable":true,"href":"https:\/\/blog.bellostes.com\/index.php?rest_route=%2Fwp%2Fv2%2Ftags&post=3483"}],"curies":[{"name":"wp","href":"https:\/\/api.w.org\/{rel}","templated":true}]}}