{"id":3582,"date":"2010-02-11T05:35:24","date_gmt":"2010-02-11T10:35:24","guid":{"rendered":"https:\/\/blog.bellostes.com\/?p=3582"},"modified":"2010-02-11T05:35:24","modified_gmt":"2010-02-11T10:35:24","slug":"pedro-pegenaute-fotografias-de-arquitectura","status":"publish","type":"post","link":"https:\/\/blog.bellostes.com\/?p=3582","title":{"rendered":"Pedro Pegenaute &#8211; fotograf\u00edas de arquitectura"},"content":{"rendered":"<p><a href=\"https:\/\/blog.bellostes.com\/media\/training-classroom-tknika-00.png\"><img loading=\"lazy\" decoding=\"async\" width=\"672\" height=\"198\" class=\"alignnone size-full wp-image-3653\" title=\"training-classroom-tknika-00\" src=\"https:\/\/blog.bellostes.com\/media\/training-classroom-tknika-00.png\" alt=\"\" srcset=\"https:\/\/blog.bellostes.com\/media\/training-classroom-tknika-00.png 672w, https:\/\/blog.bellostes.com\/media\/training-classroom-tknika-00-330x97.png 330w\" sizes=\"auto, (max-width: 672px) 100vw, 672px\" \/><\/a><\/p>\n<p>Training classroom Tknika, Errenter\u00eda &#8211; Sp (2007). Arquitectura, B\u00e1rcena y Zufiaur arquitectos. Fotograf\u00edas, Pedro Pegenaute.<\/p>\n<p>El fot\u00f3grafo \u00abPedro Pegenaute\u00bb\u00a0 muestra en su pagina una amplia e interesante selecci\u00f3n de reportajes de arquitectura contempor\u00e1nea.<\/p>\n<p>+ <a href=\"http:\/\/www.pedropegenaute.es\/\">Pedro Pegenaute &#8211; reportajes de fotograf\u00edas<\/a><\/p>\n<p>Pode\u00eds ver m\u00e1s informaci\u00f3n sobre el proyecto \u00abAula de formaci\u00f3n Tknika\u00bb en:<\/p>\n<p>+\u00a0<a href=\"http:\/\/www.barcenayzufiaur.com\/\">Training classroom Tknika &#8211; B\u00e1rcena y Zufiaur<\/a> (fotograf\u00edas del proyecto y la maqueta, en flash)<br \/>\n+ <a href=\"http:\/\/www.pedropegenaute.es\/index.php?\/archivo-2007\/aula-digital-technika\/\">Training classroom Tknika &#8211; Pedro Pegenaute<\/a> (reportaje de fotograf\u00edas)<\/p>\n","protected":false},"excerpt":{"rendered":"<p>Training classroom Tknika, Errenter\u00eda &#8211; Sp (2007). Arquitectura, B\u00e1rcena y Zufiaur arquitectos. Fotograf\u00edas, Pedro Pegenaute. El fot\u00f3grafo \u00abPedro Pegenaute\u00bb\u00a0 muestra en su pagina una amplia e interesante selecci\u00f3n de reportajes de arquitectura contempor\u00e1nea. + Pedro Pegenaute &#8211; reportajes de fotograf\u00edas &hellip; <a href=\"https:\/\/blog.bellostes.com\/?p=3582\">Continua leyendo <span class=\"meta-nav\">&raquo;<\/span><\/a><\/p>\n","protected":false},"author":1,"featured_media":0,"comment_status":"open","ping_status":"open","sticky":false,"template":"","format":"standard","meta":{"footnotes":""},"categories":[7,28,50,8,33],"tags":[],"class_list":["post-3582","post","type-post","status-publish","format-standard","hentry","category-arquitects","category-arquitectura-y-grafismo","category-arquitectura-y-madera","category-fotografia","category-proyectos-equipamientos-educativos"],"_links":{"self":[{"href":"https:\/\/blog.bellostes.com\/index.php?rest_route=\/wp\/v2\/posts\/3582","targetHints":{"allow":["GET"]}}],"collection":[{"href":"https:\/\/blog.bellostes.com\/index.php?rest_route=\/wp\/v2\/posts"}],"about":[{"href":"https:\/\/blog.bellostes.com\/index.php?rest_route=\/wp\/v2\/types\/post"}],"author":[{"embeddable":true,"href":"https:\/\/blog.bellostes.com\/index.php?rest_route=\/wp\/v2\/users\/1"}],"replies":[{"embeddable":true,"href":"https:\/\/blog.bellostes.com\/index.php?rest_route=%2Fwp%2Fv2%2Fcomments&post=3582"}],"version-history":[{"count":0,"href":"https:\/\/blog.bellostes.com\/index.php?rest_route=\/wp\/v2\/posts\/3582\/revisions"}],"wp:attachment":[{"href":"https:\/\/blog.bellostes.com\/index.php?rest_route=%2Fwp%2Fv2%2Fmedia&parent=3582"}],"wp:term":[{"taxonomy":"category","embeddable":true,"href":"https:\/\/blog.bellostes.com\/index.php?rest_route=%2Fwp%2Fv2%2Fcategories&post=3582"},{"taxonomy":"post_tag","embeddable":true,"href":"https:\/\/blog.bellostes.com\/index.php?rest_route=%2Fwp%2Fv2%2Ftags&post=3582"}],"curies":[{"name":"wp","href":"https:\/\/api.w.org\/{rel}","templated":true}]}}