{"id":3661,"date":"2010-02-15T05:50:36","date_gmt":"2010-02-15T10:50:36","guid":{"rendered":"https:\/\/blog.bellostes.com\/?p=3661"},"modified":"2010-02-15T05:50:36","modified_gmt":"2010-02-15T10:50:36","slug":"la-casa-de-los-cubos-cubes-house-public-arts-centre","status":"publish","type":"post","link":"https:\/\/blog.bellostes.com\/?p=3661","title":{"rendered":"la casa de los cubos &#8211; cubes house, public arts centre"},"content":{"rendered":"<p><a href=\"https:\/\/blog.bellostes.com\/media\/cubes-house.png\"><img loading=\"lazy\" decoding=\"async\" width=\"675\" height=\"194\" class=\"alignnone size-full wp-image-3662\" title=\"cubes-house\" src=\"https:\/\/blog.bellostes.com\/media\/cubes-house.png\" alt=\"\" srcset=\"https:\/\/blog.bellostes.com\/media\/cubes-house.png 675w, https:\/\/blog.bellostes.com\/media\/cubes-house-330x94.png 330w\" sizes=\"auto, (max-width: 675px) 100vw, 675px\" \/><\/a><\/p>\n<p>Cubes house (public arts centre), Tomar &#8211; Portugal (2006).Arquitectura, Embaixada Arquitectura. Fotograf\u00edas, Daniel Malh\u00e3o. la casa de los cubos<\/p>\n<p>El proyecto resuelve la rehabilitaci\u00f3n de una antigua f\u00e1brica con el objetivo de acoger un nuevo centro p\u00fablico de arte, con espacio para exposiciones, conferencias, reuniones, etc.<\/p>\n<p><a href=\"https:\/\/blog.bellostes.com\/media\/cubes-house-01.png\"><img loading=\"lazy\" decoding=\"async\" width=\"675\" height=\"162\" class=\"alignnone size-full wp-image-3663\" title=\"cubes-house-01\" src=\"https:\/\/blog.bellostes.com\/media\/cubes-house-01.png\" alt=\"\" srcset=\"https:\/\/blog.bellostes.com\/media\/cubes-house-01.png 675w, https:\/\/blog.bellostes.com\/media\/cubes-house-01-330x79.png 330w\" sizes=\"auto, (max-width: 675px) 100vw, 675px\" \/><\/a><\/p>\n<p>La intervenci\u00f3n ha preservado la envolvente del edificio, una construcci\u00f3n tradicional de muros de carga y cubierta inclinada. Mientras que en el interior una nueva estructura aut\u00f3noma de hormig\u00f3n armado, organiza los diferentes espacios de uso.<\/p>\n<p>+ <a href=\"http:\/\/www.embaixada.net\/\">Cubes house &#8211; Embaixada Arquitectura<\/a> (v\u00eddeo reportaje)<br \/>\n+ <a href=\"http:\/\/www.wallpaper.com\/architecture\/new-build-embaixada-arquitectura\/1959\">Cubes house &#8211; wallpaper<\/a> (art\u00edculo de texto con fotograf\u00edas)<br \/>\n+ <a href=\"http:\/\/www.contractworld.com\/54633?x=1#\">Cubes house &#8211; contractworld<\/a> (descripci\u00f3n, fotograf\u00edas y art\u00edculo con planos en formato pdf)<br \/>\n+ <a href=\"http:\/\/www.flickr.com\/photos\/asimplemind\/sets\/72157604914073899\/\">Cubes house &#8211; Galer\u00eda de Jo\u00e3o Pereira de Sousa en flickr<\/a> (reportaje de fotograf\u00edas)<\/p>\n","protected":false},"excerpt":{"rendered":"<p>Cubes house (public arts centre), Tomar &#8211; Portugal (2006).Arquitectura, Embaixada Arquitectura. Fotograf\u00edas, Daniel Malh\u00e3o. la casa de los cubos El proyecto resuelve la rehabilitaci\u00f3n de una antigua f\u00e1brica con el objetivo de acoger un nuevo centro p\u00fablico de arte, con &hellip; <a href=\"https:\/\/blog.bellostes.com\/?p=3661\">Continua leyendo <span class=\"meta-nav\">&raquo;<\/span><\/a><\/p>\n","protected":false},"author":1,"featured_media":0,"comment_status":"open","ping_status":"open","sticky":false,"template":"","format":"standard","meta":{"footnotes":""},"categories":[7,42,30,37],"tags":[70],"class_list":["post-3661","post","type-post","status-publish","format-standard","hentry","category-arquitects","category-arquitectura-y-hormigon-visto","category-arquitectura-y-rehabilitacion","category-proyectos-espacios-culturales","tag-centros-de-arte"],"_links":{"self":[{"href":"https:\/\/blog.bellostes.com\/index.php?rest_route=\/wp\/v2\/posts\/3661","targetHints":{"allow":["GET"]}}],"collection":[{"href":"https:\/\/blog.bellostes.com\/index.php?rest_route=\/wp\/v2\/posts"}],"about":[{"href":"https:\/\/blog.bellostes.com\/index.php?rest_route=\/wp\/v2\/types\/post"}],"author":[{"embeddable":true,"href":"https:\/\/blog.bellostes.com\/index.php?rest_route=\/wp\/v2\/users\/1"}],"replies":[{"embeddable":true,"href":"https:\/\/blog.bellostes.com\/index.php?rest_route=%2Fwp%2Fv2%2Fcomments&post=3661"}],"version-history":[{"count":0,"href":"https:\/\/blog.bellostes.com\/index.php?rest_route=\/wp\/v2\/posts\/3661\/revisions"}],"wp:attachment":[{"href":"https:\/\/blog.bellostes.com\/index.php?rest_route=%2Fwp%2Fv2%2Fmedia&parent=3661"}],"wp:term":[{"taxonomy":"category","embeddable":true,"href":"https:\/\/blog.bellostes.com\/index.php?rest_route=%2Fwp%2Fv2%2Fcategories&post=3661"},{"taxonomy":"post_tag","embeddable":true,"href":"https:\/\/blog.bellostes.com\/index.php?rest_route=%2Fwp%2Fv2%2Ftags&post=3661"}],"curies":[{"name":"wp","href":"https:\/\/api.w.org\/{rel}","templated":true}]}}