{"id":3791,"date":"2010-03-26T05:02:41","date_gmt":"2010-03-26T10:02:41","guid":{"rendered":"https:\/\/blog.bellostes.com\/?p=3791"},"modified":"2010-03-26T05:02:41","modified_gmt":"2010-03-26T10:02:41","slug":"comedor-escolar-matthias-claudius-mensa-canteen","status":"publish","type":"post","link":"https:\/\/blog.bellostes.com\/?p=3791","title":{"rendered":"comedor escolar &#8211; matthias claudius mensa, canteen"},"content":{"rendered":"<p><a href=\"https:\/\/blog.bellostes.com\/media\/matthias-claudius-mensa-canteen.png\"><img loading=\"lazy\" decoding=\"async\" width=\"675\" height=\"200\" class=\"alignnone size-full wp-image-3815\" title=\"matthias-claudius-mensa-canteen\" src=\"https:\/\/blog.bellostes.com\/media\/matthias-claudius-mensa-canteen.png\" alt=\"\" srcset=\"https:\/\/blog.bellostes.com\/media\/matthias-claudius-mensa-canteen.png 675w, https:\/\/blog.bellostes.com\/media\/matthias-claudius-mensa-canteen-330x97.png 330w\" sizes=\"auto, (max-width: 675px) 100vw, 675px\" \/><\/a><\/p>\n<p>Matthias Claudius Mensa Canteen (Matthias Claudius primary school), Berlin &#8211; Germany (2005). Arquitectura, Augustin und Frank Architekten. Fotograf\u00edas, augustinundfrank.de.<\/p>\n<p>El edificio acoge el comedor y la cafeter\u00eda del centro de educaci\u00f3n primaria \u00abMatthias Claudius\u00bb.<\/p>\n<p><a href=\"https:\/\/blog.bellostes.com\/media\/matthias-claudius-mensa-canteen-01.png\"><img loading=\"lazy\" decoding=\"async\" width=\"675\" height=\"204\" class=\"alignnone size-full wp-image-3817\" title=\"matthias-claudius-mensa-canteen-01\" src=\"https:\/\/blog.bellostes.com\/media\/matthias-claudius-mensa-canteen-01.png\" alt=\"\" srcset=\"https:\/\/blog.bellostes.com\/media\/matthias-claudius-mensa-canteen-01.png 675w, https:\/\/blog.bellostes.com\/media\/matthias-claudius-mensa-canteen-01-330x99.png 330w\" sizes=\"auto, (max-width: 675px) 100vw, 675px\" \/><\/a><\/p>\n<p>La disposici\u00f3n del edificio situado entre el campo de juegos (orientado al norte) y un bosque propiedad de la escuela (en la orientaci\u00f3n sur), justifican el marcado contraste entre las dos fachadas frontales, compacta al norte, transparente al sur.<\/p>\n<p>+ <a href=\"http:\/\/www.augustinundfrank.de\/dia\/08_mensa\/08_dia_mensa_01.html\">Matthias Claudius Mensa Canteen &#8211; Augustin und Frank Architekten<\/a> (descripci\u00f3n, fotograf\u00edas y planos)<br \/>\n+ <a href=\"http:\/\/www.baunetz.de\/architekten\/architektenprofil_unterseite_170735.html\">Matthias Claudius Mensa Canteen &#8211; baunetz<\/a> (art\u00edculo de texto con fotograf\u00edas y planos)<\/p>\n","protected":false},"excerpt":{"rendered":"<p>Matthias Claudius Mensa Canteen (Matthias Claudius primary school), Berlin &#8211; Germany (2005). Arquitectura, Augustin und Frank Architekten. Fotograf\u00edas, augustinundfrank.de. El edificio acoge el comedor y la cafeter\u00eda del centro de educaci\u00f3n primaria \u00abMatthias Claudius\u00bb. La disposici\u00f3n del edificio situado entre &hellip; <a href=\"https:\/\/blog.bellostes.com\/?p=3791\">Continua leyendo <span class=\"meta-nav\">&raquo;<\/span><\/a><\/p>\n","protected":false},"author":1,"featured_media":0,"comment_status":"open","ping_status":"open","sticky":false,"template":"","format":"standard","meta":{"footnotes":""},"categories":[7,28,33],"tags":[74,64],"class_list":["post-3791","post","type-post","status-publish","format-standard","hentry","category-arquitects","category-arquitectura-y-grafismo","category-proyectos-equipamientos-educativos","tag-escuelas","tag-restaurantes"],"_links":{"self":[{"href":"https:\/\/blog.bellostes.com\/index.php?rest_route=\/wp\/v2\/posts\/3791","targetHints":{"allow":["GET"]}}],"collection":[{"href":"https:\/\/blog.bellostes.com\/index.php?rest_route=\/wp\/v2\/posts"}],"about":[{"href":"https:\/\/blog.bellostes.com\/index.php?rest_route=\/wp\/v2\/types\/post"}],"author":[{"embeddable":true,"href":"https:\/\/blog.bellostes.com\/index.php?rest_route=\/wp\/v2\/users\/1"}],"replies":[{"embeddable":true,"href":"https:\/\/blog.bellostes.com\/index.php?rest_route=%2Fwp%2Fv2%2Fcomments&post=3791"}],"version-history":[{"count":0,"href":"https:\/\/blog.bellostes.com\/index.php?rest_route=\/wp\/v2\/posts\/3791\/revisions"}],"wp:attachment":[{"href":"https:\/\/blog.bellostes.com\/index.php?rest_route=%2Fwp%2Fv2%2Fmedia&parent=3791"}],"wp:term":[{"taxonomy":"category","embeddable":true,"href":"https:\/\/blog.bellostes.com\/index.php?rest_route=%2Fwp%2Fv2%2Fcategories&post=3791"},{"taxonomy":"post_tag","embeddable":true,"href":"https:\/\/blog.bellostes.com\/index.php?rest_route=%2Fwp%2Fv2%2Ftags&post=3791"}],"curies":[{"name":"wp","href":"https:\/\/api.w.org\/{rel}","templated":true}]}}