{"id":3798,"date":"2010-03-22T07:22:36","date_gmt":"2010-03-22T12:22:36","guid":{"rendered":"https:\/\/blog.bellostes.com\/?p=3798"},"modified":"2013-12-03T13:43:57","modified_gmt":"2013-12-03T12:43:57","slug":"al-cole-en-bicicleta-eichi-niederglatt-bicycle-parking","status":"publish","type":"post","link":"https:\/\/blog.bellostes.com\/?p=3798","title":{"rendered":"al cole en bicicleta &#8211; \u00abeichi niederglatt\u00bb bicycle parking"},"content":{"rendered":"<p><a href=\"https:\/\/blog.bellostes.com\/media\/eichi-niederglatt-bicycle-parking.png\"><img loading=\"lazy\" decoding=\"async\" width=\"672\" height=\"200\" class=\"alignnone size-full wp-image-3802\" title=\"eichi-niederglatt-bicycle-parking\" alt=\"\" src=\"https:\/\/blog.bellostes.com\/media\/eichi-niederglatt-bicycle-parking.png\" srcset=\"https:\/\/blog.bellostes.com\/media\/eichi-niederglatt-bicycle-parking.png 672w, https:\/\/blog.bellostes.com\/media\/eichi-niederglatt-bicycle-parking-330x98.png 330w\" sizes=\"auto, (max-width: 672px) 100vw, 672px\" \/><\/a><\/p>\n<p>Eichi Niederglatt bicycle parking, Z\u00fcrich &#8211; Switzerland (2007). Arquitectura, L3P Architekten. Fotograf\u00edas, Vito Stallone.<\/p>\n<p>El aparcamiento para bicicletas forma parte del equipamiento del centro de educaci\u00f3n secundar\u00eda \u00abEichi Niederglatt\u00bb.<\/p>\n<p><a href=\"https:\/\/blog.bellostes.com\/media\/eichi-niederglatt-bicycle-parking-01.png\"><img loading=\"lazy\" decoding=\"async\" width=\"675\" height=\"175\" class=\"alignnone size-full wp-image-3803\" title=\"eichi-niederglatt-bicycle-parking-01\" alt=\"\" src=\"https:\/\/blog.bellostes.com\/media\/eichi-niederglatt-bicycle-parking-01.png\" srcset=\"https:\/\/blog.bellostes.com\/media\/eichi-niederglatt-bicycle-parking-01.png 675w, https:\/\/blog.bellostes.com\/media\/eichi-niederglatt-bicycle-parking-01-330x85.png 330w\" sizes=\"auto, (max-width: 675px) 100vw, 675px\" \/><\/a><\/p>\n<p>El conjunto esta compuesto por 5 prismas de planta rectangular de hormig\u00f3n armado, construidos \u00abinsitu\u00bb, con encofrado de tableros de madera tipo \u00abosb\u00bb para el acabado visto.<\/p>\n<p>+ <a href=\"http:\/\/www.l3p.ch\/2_bauten\/detail.php?ID=&amp;bauID=367\">Eichi Niederglatt, bicycle parking &#8211; L3P Architekten<\/a> (fotograf\u00edas, maquetas, ilustraciones y planos)<\/p>\n","protected":false},"excerpt":{"rendered":"<p>Eichi Niederglatt bicycle parking, Z\u00fcrich &#8211; Switzerland (2007). Arquitectura, L3P Architekten. Fotograf\u00edas, Vito Stallone. El aparcamiento para bicicletas forma parte del equipamiento del centro de educaci\u00f3n secundar\u00eda \u00abEichi Niederglatt\u00bb. El conjunto esta compuesto por 5 prismas de planta rectangular de &hellip; <a href=\"https:\/\/blog.bellostes.com\/?p=3798\">Continua leyendo <span class=\"meta-nav\">&raquo;<\/span><\/a><\/p>\n","protected":false},"author":1,"featured_media":0,"comment_status":"open","ping_status":"open","sticky":false,"template":"","format":"standard","meta":{"footnotes":""},"categories":[7,42,33,34],"tags":[117,74],"class_list":["post-3798","post","type-post","status-publish","format-standard","hentry","category-arquitects","category-arquitectura-y-hormigon-visto","category-proyectos-equipamientos-educativos","category-proyectos-micro-equipamientos","tag-aparcamientos-de-bicicletas","tag-escuelas"],"_links":{"self":[{"href":"https:\/\/blog.bellostes.com\/index.php?rest_route=\/wp\/v2\/posts\/3798","targetHints":{"allow":["GET"]}}],"collection":[{"href":"https:\/\/blog.bellostes.com\/index.php?rest_route=\/wp\/v2\/posts"}],"about":[{"href":"https:\/\/blog.bellostes.com\/index.php?rest_route=\/wp\/v2\/types\/post"}],"author":[{"embeddable":true,"href":"https:\/\/blog.bellostes.com\/index.php?rest_route=\/wp\/v2\/users\/1"}],"replies":[{"embeddable":true,"href":"https:\/\/blog.bellostes.com\/index.php?rest_route=%2Fwp%2Fv2%2Fcomments&post=3798"}],"version-history":[{"count":4,"href":"https:\/\/blog.bellostes.com\/index.php?rest_route=\/wp\/v2\/posts\/3798\/revisions"}],"predecessor-version":[{"id":27407,"href":"https:\/\/blog.bellostes.com\/index.php?rest_route=\/wp\/v2\/posts\/3798\/revisions\/27407"}],"wp:attachment":[{"href":"https:\/\/blog.bellostes.com\/index.php?rest_route=%2Fwp%2Fv2%2Fmedia&parent=3798"}],"wp:term":[{"taxonomy":"category","embeddable":true,"href":"https:\/\/blog.bellostes.com\/index.php?rest_route=%2Fwp%2Fv2%2Fcategories&post=3798"},{"taxonomy":"post_tag","embeddable":true,"href":"https:\/\/blog.bellostes.com\/index.php?rest_route=%2Fwp%2Fv2%2Ftags&post=3798"}],"curies":[{"name":"wp","href":"https:\/\/api.w.org\/{rel}","templated":true}]}}