{"id":3812,"date":"2010-03-25T05:10:29","date_gmt":"2010-03-25T10:10:29","guid":{"rendered":"https:\/\/blog.bellostes.com\/?p=3812"},"modified":"2012-05-23T13:47:36","modified_gmt":"2012-05-23T11:47:36","slug":"en-la-cola-del-dragon-drachensee-information-pavilion","status":"publish","type":"post","link":"https:\/\/blog.bellostes.com\/?p=3812","title":{"rendered":"en la cola del drag\u00f3n &#8211; \u00abdrachensee\u00bb information pavilion"},"content":{"rendered":"<p><a href=\"https:\/\/blog.bellostes.com\/media\/drachensee-information-pavilion.png\"><img loading=\"lazy\" decoding=\"async\" width=\"675\" height=\"200\" class=\"alignnone size-full wp-image-3813\" title=\"drachensee-information-pavilion\" src=\"https:\/\/blog.bellostes.com\/media\/drachensee-information-pavilion.png\" alt=\"\" srcset=\"https:\/\/blog.bellostes.com\/media\/drachensee-information-pavilion.png 675w, https:\/\/blog.bellostes.com\/media\/drachensee-information-pavilion-330x97.png 330w\" sizes=\"auto, (max-width: 675px) 100vw, 675px\" \/><\/a><\/p>\n<p>\u00abDrachensee\u00bb information pavilion, Furth im Wald &#8211; Germany (2009). Arquitectura, Bert Reiszky. Fotograf\u00edas, <a href=\"http:\/\/www.herbertstolz.de\/archit._aussen25.html\">Herbert Stolz<\/a>.<\/p>\n<p>Situado junto al \u00abDrachensee\u00bb (el lago del drag\u00f3n) y el aparcamiento central, marcando el inici\u00f3 de las diferentes rutas de senderismo, el pabell\u00f3n informa a los visitantes sobre las caracter\u00edsticas, geol\u00f3gicas, hidrogr\u00e1ficas, hist\u00f3ricas, culturales y tur\u00edsticas del lago.<\/p>\n<p><a href=\"https:\/\/blog.bellostes.com\/media\/drachensee-information-pavilion-01.png\"><img loading=\"lazy\" decoding=\"async\" width=\"675\" height=\"201\" class=\"alignnone size-full wp-image-3814\" title=\"drachensee-information-pavilion-01\" src=\"https:\/\/blog.bellostes.com\/media\/drachensee-information-pavilion-01.png\" alt=\"\" srcset=\"https:\/\/blog.bellostes.com\/media\/drachensee-information-pavilion-01.png 675w, https:\/\/blog.bellostes.com\/media\/drachensee-information-pavilion-01-330x98.png 330w\" sizes=\"auto, (max-width: 675px) 100vw, 675px\" \/><\/a><\/p>\n<p>La estructura esta compuesta por ocho piezas o marcos de hormig\u00f3n prefabricado de 3,5m de alto por 1,49m de lado y 20cm de canto.<\/p>\n<p>La masa del hormig\u00f3n se ha te\u00f1ido con un porcentaje del dos por ciento de pigmento negro y el acabado de la superficie se ha lavado con \u00e1cido para dar al material una apariencia equivalente a la de la piedra gran\u00edtica local.<\/p>\n<p>+ <a href=\"http:\/\/www.german-architects.com\/index.php?seite=de_project_details_de&amp;system_id=24267&amp;profile_sprache=de\">\u00abDrachensee\u00bb information pavilion &#8211; german-architects<\/a> (descripci\u00f3n y fotograf\u00edas)<br \/>\n+ <a href=\"http:\/\/www.laumer.de\/fertigteile\/architekturbeton\/kunstobjekte\/infopavillon-furth-im-wald.html\">\u00abDrachensee\u00bb information pavilion &#8211; laumer<\/a> (descripci\u00f3n y fotograf\u00edas)<br \/>\n+ <a href=\"http:\/\/www.architekturfuehrer.com\/index.php?option=com_specialcontent&amp;task=view&amp;nt=1&amp;id=1993&amp;cPath=1a8182c&amp;Itemid=26\">\u00abDrachensee\u00bb information pavilion &#8211; architekturfuehrer<\/a> (art\u00edculo de texto con fotograf\u00edas)<\/p>\n","protected":false},"excerpt":{"rendered":"<p>\u00abDrachensee\u00bb information pavilion, Furth im Wald &#8211; Germany (2009). Arquitectura, Bert Reiszky. Fotograf\u00edas, Herbert Stolz. Situado junto al \u00abDrachensee\u00bb (el lago del drag\u00f3n) y el aparcamiento central, marcando el inici\u00f3 de las diferentes rutas de senderismo, el pabell\u00f3n informa a &hellip; <a href=\"https:\/\/blog.bellostes.com\/?p=3812\">Continua leyendo <span class=\"meta-nav\">&raquo;<\/span><\/a><\/p>\n","protected":false},"author":1,"featured_media":0,"comment_status":"open","ping_status":"open","sticky":false,"template":"","format":"standard","meta":{"footnotes":""},"categories":[7,22,80,42,47,34],"tags":[83,87],"class_list":["post-3812","post","type-post","status-publish","format-standard","hentry","category-arquitects","category-arquitectura-modular","category-arquitectura-y-espacios-naturales","category-arquitectura-y-hormigon-visto","category-proyectos-equipamientos-turisticos","category-proyectos-micro-equipamientos","tag-pabellones","tag-oficinas-de-informacion"],"_links":{"self":[{"href":"https:\/\/blog.bellostes.com\/index.php?rest_route=\/wp\/v2\/posts\/3812","targetHints":{"allow":["GET"]}}],"collection":[{"href":"https:\/\/blog.bellostes.com\/index.php?rest_route=\/wp\/v2\/posts"}],"about":[{"href":"https:\/\/blog.bellostes.com\/index.php?rest_route=\/wp\/v2\/types\/post"}],"author":[{"embeddable":true,"href":"https:\/\/blog.bellostes.com\/index.php?rest_route=\/wp\/v2\/users\/1"}],"replies":[{"embeddable":true,"href":"https:\/\/blog.bellostes.com\/index.php?rest_route=%2Fwp%2Fv2%2Fcomments&post=3812"}],"version-history":[{"count":4,"href":"https:\/\/blog.bellostes.com\/index.php?rest_route=\/wp\/v2\/posts\/3812\/revisions"}],"predecessor-version":[{"id":21530,"href":"https:\/\/blog.bellostes.com\/index.php?rest_route=\/wp\/v2\/posts\/3812\/revisions\/21530"}],"wp:attachment":[{"href":"https:\/\/blog.bellostes.com\/index.php?rest_route=%2Fwp%2Fv2%2Fmedia&parent=3812"}],"wp:term":[{"taxonomy":"category","embeddable":true,"href":"https:\/\/blog.bellostes.com\/index.php?rest_route=%2Fwp%2Fv2%2Fcategories&post=3812"},{"taxonomy":"post_tag","embeddable":true,"href":"https:\/\/blog.bellostes.com\/index.php?rest_route=%2Fwp%2Fv2%2Ftags&post=3812"}],"curies":[{"name":"wp","href":"https:\/\/api.w.org\/{rel}","templated":true}]}}