{"id":3837,"date":"2010-04-05T05:31:55","date_gmt":"2010-04-05T10:31:55","guid":{"rendered":"https:\/\/blog.bellostes.com\/?p=3837"},"modified":"2010-04-05T05:31:55","modified_gmt":"2010-04-05T10:31:55","slug":"cupula-de-flores-flowers-dome-pavilion","status":"publish","type":"post","link":"https:\/\/blog.bellostes.com\/?p=3837","title":{"rendered":"c\u00fapula de flores &#8211; flowers dome, pavilion"},"content":{"rendered":"<p><a href=\"https:\/\/blog.bellostes.com\/media\/flowers-dome-pavilion-01.png\"><img loading=\"lazy\" decoding=\"async\" width=\"675\" height=\"195\" class=\"alignnone size-full wp-image-3838\" title=\"flowers-dome-pavilion-01\" src=\"https:\/\/blog.bellostes.com\/media\/flowers-dome-pavilion-01.png\" alt=\"\" srcset=\"https:\/\/blog.bellostes.com\/media\/flowers-dome-pavilion-01.png 675w, https:\/\/blog.bellostes.com\/media\/flowers-dome-pavilion-01-330x95.png 330w\" sizes=\"auto, (max-width: 675px) 100vw, 675px\" \/><\/a><\/p>\n<p>Flowers dome, pavilion (Salone del Mobile Milano), Lucca &#8211; Italy (2009). Dise\u00f1o,\u00a0 Andrea Salvetti. Fotograf\u00edas, galer\u00eda de \u00ab<a href=\"http:\/\/www.flickr.com\/photos\/ire-ne\/tags\/quelmazzolindifiori\/\">||irene||<\/a>\u00bb en flickr (arriba) y galer\u00eda de \u00ab<a href=\"http:\/\/www.flickr.com\/photos\/8855586@N04\/4281934756\/\">avamero1946<\/a>\u00bb en flickr (abajo).<\/p>\n<p>El pabell\u00f3n \u00abMazzolin di Fiori\u00bb (ramo de flores) es una instalaci\u00f3n del artista \u00bb <a href=\"http:\/\/www.andreasalvetti.eu\/\">Andrea Salvetti<\/a> \u00bb para la plaza \u00abAnfiteatro\u00bb de \u00abLucca\u00bb.<\/p>\n<p><a href=\"https:\/\/blog.bellostes.com\/media\/flowers-dome-pavilion.png\"><img loading=\"lazy\" decoding=\"async\" width=\"675\" height=\"199\" class=\"alignnone size-full wp-image-3839\" title=\"flowers-dome-pavilion\" src=\"https:\/\/blog.bellostes.com\/media\/flowers-dome-pavilion.png\" alt=\"\" srcset=\"https:\/\/blog.bellostes.com\/media\/flowers-dome-pavilion.png 675w, https:\/\/blog.bellostes.com\/media\/flowers-dome-pavilion-330x97.png 330w\" sizes=\"auto, (max-width: 675px) 100vw, 675px\" \/><\/a><\/p>\n<p>La c\u00fapula esta compuesta por un total de 1500 siluetas de flores de aluminio, de 6 tama\u00f1os diferentes, con el acabado \u00ab<a href=\"http:\/\/es.wikipedia.org\/wiki\/Anodizaci%C3%B3n\">anodizado<\/a>\u00ab, en cuatro tonos y fijadas con \u00ab<a href=\"http:\/\/es.wikipedia.org\/wiki\/Remache\">remaches<\/a>\u00ab.<\/p>\n<p>+ <a href=\"http:\/\/www.thinklab360.com\/en\/lucca-virtual-tour\/andrea-salvetti-amphitheatre-square-360.html\">Flowers dome, pavilion &#8211; Lucca at 360\u00ba<\/a> (art\u00edculo de texto con fotograf\u00edas panor\u00e1micas)<br \/>\n+ <a href=\"http:\/\/www.loschermo.it\/articolo.php?idart=20909\">Flowers dome, pavilion &#8211; Lo Schermo<\/a> (art\u00edculo de texto con fotograf\u00edas)<br \/>\n+ <a href=\"http:\/\/www.abitare.it\/events\/nilufar\/\">Flowers dome, pavilion &#8211; Abitare<\/a> (art\u00edculo de texto con fotograf\u00edas)<br \/>\n+ <a href=\"http:\/\/www.flickr.com\/search\/?q=%22Andrea+Salvetti%22+%22Mazzolin+di+Fiori%22\">Flowers dome, pavilion &#8211; Flickr<\/a> (fotograf\u00edas de varios autores)<\/p>\n","protected":false},"excerpt":{"rendered":"<p>Flowers dome, pavilion (Salone del Mobile Milano), Lucca &#8211; Italy (2009). Dise\u00f1o,\u00a0 Andrea Salvetti. Fotograf\u00edas, galer\u00eda de \u00ab||irene||\u00bb en flickr (arriba) y galer\u00eda de \u00abavamero1946\u00bb en flickr (abajo). El pabell\u00f3n \u00abMazzolin di Fiori\u00bb (ramo de flores) es una instalaci\u00f3n del &hellip; <a href=\"https:\/\/blog.bellostes.com\/?p=3837\">Continua leyendo <span class=\"meta-nav\">&raquo;<\/span><\/a><\/p>\n","protected":false},"author":1,"featured_media":0,"comment_status":"open","ping_status":"open","sticky":false,"template":"","format":"standard","meta":{"footnotes":""},"categories":[20,49,110,28,26,24],"tags":[93],"class_list":["post-3837","post","type-post","status-publish","format-standard","hentry","category-arquitectura-efimera","category-arquitectura-y-aluminio","category-arquitectura-y-cnc","category-arquitectura-y-grafismo","category-arte","category-exposiciones","tag-pabellones-temporales"],"_links":{"self":[{"href":"https:\/\/blog.bellostes.com\/index.php?rest_route=\/wp\/v2\/posts\/3837","targetHints":{"allow":["GET"]}}],"collection":[{"href":"https:\/\/blog.bellostes.com\/index.php?rest_route=\/wp\/v2\/posts"}],"about":[{"href":"https:\/\/blog.bellostes.com\/index.php?rest_route=\/wp\/v2\/types\/post"}],"author":[{"embeddable":true,"href":"https:\/\/blog.bellostes.com\/index.php?rest_route=\/wp\/v2\/users\/1"}],"replies":[{"embeddable":true,"href":"https:\/\/blog.bellostes.com\/index.php?rest_route=%2Fwp%2Fv2%2Fcomments&post=3837"}],"version-history":[{"count":0,"href":"https:\/\/blog.bellostes.com\/index.php?rest_route=\/wp\/v2\/posts\/3837\/revisions"}],"wp:attachment":[{"href":"https:\/\/blog.bellostes.com\/index.php?rest_route=%2Fwp%2Fv2%2Fmedia&parent=3837"}],"wp:term":[{"taxonomy":"category","embeddable":true,"href":"https:\/\/blog.bellostes.com\/index.php?rest_route=%2Fwp%2Fv2%2Fcategories&post=3837"},{"taxonomy":"post_tag","embeddable":true,"href":"https:\/\/blog.bellostes.com\/index.php?rest_route=%2Fwp%2Fv2%2Ftags&post=3837"}],"curies":[{"name":"wp","href":"https:\/\/api.w.org\/{rel}","templated":true}]}}