{"id":4117,"date":"2010-06-01T06:08:00","date_gmt":"2010-06-01T11:08:00","guid":{"rendered":"https:\/\/blog.bellostes.com\/?p=4117"},"modified":"2010-06-01T06:09:18","modified_gmt":"2010-06-01T11:09:18","slug":"tejiendo-cajas-serbia-pavilion-shanghai-expo-2010","status":"publish","type":"post","link":"https:\/\/blog.bellostes.com\/?p=4117","title":{"rendered":"tejiendo cajas &#8211; serbia pavilion, shanghai expo 2010"},"content":{"rendered":"<p><a href=\"https:\/\/blog.bellostes.com\/media\/serbia-pavilion-expo-2010.png\"><img loading=\"lazy\" decoding=\"async\" width=\"675\" height=\"205\" class=\"alignnone size-full wp-image-4139\" title=\"serbia-pavilion-expo-2010\" src=\"https:\/\/blog.bellostes.com\/media\/serbia-pavilion-expo-2010.png\" alt=\"\" srcset=\"https:\/\/blog.bellostes.com\/media\/serbia-pavilion-expo-2010.png 675w, https:\/\/blog.bellostes.com\/media\/serbia-pavilion-expo-2010-330x100.png 330w\" sizes=\"auto, (max-width: 675px) 100vw, 675px\" \/><\/a><\/p>\n<p>Serbia pavilion (Shangahai Expo 2010). Shanghai &#8211; China (2010). Arquitectura, Natalija Miodragovic y Darko Kovacev. Fotograf\u00edas, galer\u00eda de Natalija Miodragovic en flickr.<\/p>\n<p>El pabell\u00f3n de Serbia traslada a la fachada los patrones tradicionales de la artesan\u00eda textil, estableciendo una analog\u00eda con el tejido urbano, que como un tapiz, requiere de c\u00f3digos propios y compartidos, para tejer su identidad cultural.<\/p>\n<p><a href=\"https:\/\/blog.bellostes.com\/media\/serbia-pavilion-expo-2010-02.png\"><img loading=\"lazy\" decoding=\"async\" width=\"675\" height=\"137\" class=\"alignnone size-full wp-image-4140\" title=\"serbia-pavilion-expo-2010-02\" src=\"https:\/\/blog.bellostes.com\/media\/serbia-pavilion-expo-2010-02.png\" alt=\"\" srcset=\"https:\/\/blog.bellostes.com\/media\/serbia-pavilion-expo-2010-02.png 675w, https:\/\/blog.bellostes.com\/media\/serbia-pavilion-expo-2010-02-330x66.png 330w\" sizes=\"auto, (max-width: 675px) 100vw, 675px\" \/><\/a><\/p>\n<p>El dise\u00f1o de los estampados tradiciones se ha traducido a la fachada, mediante la composici\u00f3n de cuatro modelos de cajas de pl\u00e1stico, de seis colores diferentes (verde, naranja, azul, rojo, amarillo y blanco).<\/p>\n<p><a href=\"https:\/\/blog.bellostes.com\/media\/serbia-pavilion-expo-2010-01.png\"><img loading=\"lazy\" decoding=\"async\" width=\"675\" height=\"131\" class=\"alignnone size-full wp-image-4141\" title=\"serbia-pavilion-expo-2010-01\" src=\"https:\/\/blog.bellostes.com\/media\/serbia-pavilion-expo-2010-01.png\" alt=\"\" srcset=\"https:\/\/blog.bellostes.com\/media\/serbia-pavilion-expo-2010-01.png 675w, https:\/\/blog.bellostes.com\/media\/serbia-pavilion-expo-2010-01-330x64.png 330w\" sizes=\"auto, (max-width: 675px) 100vw, 675px\" \/><\/a><\/p>\n<p>+ <a href=\"http:\/\/www.flickr.com\/photos\/miodragovic\/sets\/72157624023728048\/\">Serbia pavilion &#8211; galer\u00eda de  Natalija Miodragovic en flickr<\/a> (reportaje de fotograf\u00edas)<br \/>\n+ <a href=\"http:\/\/www.serbiaexpo.rs\/\">Serbia pavilion &#8211; serbiaexpo<\/a> (descripci\u00f3n del pabell\u00f3n, la fachada y los m\u00f3dulos con ilustraciones)<br \/>\n+ <a href=\"http:\/\/www.zavodbig.com\/2009\/09\/28\/serbian-pavilion-city-code-at-expo-2010-in-shanghai\/\">Serbia pavilion &#8211; zavodbig<\/a> (art\u00edculo de texto con ilustraciones)<\/p>\n","protected":false},"excerpt":{"rendered":"<p>Serbia pavilion (Shangahai Expo 2010). Shanghai &#8211; China (2010). Arquitectura, Natalija Miodragovic y Darko Kovacev. Fotograf\u00edas, galer\u00eda de Natalija Miodragovic en flickr. El pabell\u00f3n de Serbia traslada a la fachada los patrones tradicionales de la artesan\u00eda textil, estableciendo una analog\u00eda &hellip; <a href=\"https:\/\/blog.bellostes.com\/?p=4117\">Continua leyendo <span class=\"meta-nav\">&raquo;<\/span><\/a><\/p>\n","protected":false},"author":1,"featured_media":0,"comment_status":"open","ping_status":"open","sticky":false,"template":"","format":"standard","meta":{"footnotes":""},"categories":[7,20,59,27,28,60,24],"tags":[93],"class_list":["post-4117","post","type-post","status-publish","format-standard","hentry","category-arquitects","category-arquitectura-efimera","category-arquitectura-textil","category-arquitectura-y-color","category-arquitectura-y-grafismo","category-arquitectura-y-plastico","category-exposiciones","tag-pabellones-temporales"],"_links":{"self":[{"href":"https:\/\/blog.bellostes.com\/index.php?rest_route=\/wp\/v2\/posts\/4117","targetHints":{"allow":["GET"]}}],"collection":[{"href":"https:\/\/blog.bellostes.com\/index.php?rest_route=\/wp\/v2\/posts"}],"about":[{"href":"https:\/\/blog.bellostes.com\/index.php?rest_route=\/wp\/v2\/types\/post"}],"author":[{"embeddable":true,"href":"https:\/\/blog.bellostes.com\/index.php?rest_route=\/wp\/v2\/users\/1"}],"replies":[{"embeddable":true,"href":"https:\/\/blog.bellostes.com\/index.php?rest_route=%2Fwp%2Fv2%2Fcomments&post=4117"}],"version-history":[{"count":0,"href":"https:\/\/blog.bellostes.com\/index.php?rest_route=\/wp\/v2\/posts\/4117\/revisions"}],"wp:attachment":[{"href":"https:\/\/blog.bellostes.com\/index.php?rest_route=%2Fwp%2Fv2%2Fmedia&parent=4117"}],"wp:term":[{"taxonomy":"category","embeddable":true,"href":"https:\/\/blog.bellostes.com\/index.php?rest_route=%2Fwp%2Fv2%2Fcategories&post=4117"},{"taxonomy":"post_tag","embeddable":true,"href":"https:\/\/blog.bellostes.com\/index.php?rest_route=%2Fwp%2Fv2%2Ftags&post=4117"}],"curies":[{"name":"wp","href":"https:\/\/api.w.org\/{rel}","templated":true}]}}