{"id":4137,"date":"2010-06-02T10:45:35","date_gmt":"2010-06-02T15:45:35","guid":{"rendered":"https:\/\/blog.bellostes.com\/?p=4137"},"modified":"2010-06-02T10:45:35","modified_gmt":"2010-06-02T15:45:35","slug":"planos-de-acero-viaduc-cafe","status":"publish","type":"post","link":"https:\/\/blog.bellostes.com\/?p=4137","title":{"rendered":"planos de acero &#8211; viaduc cafe"},"content":{"rendered":"<p><a href=\"https:\/\/blog.bellostes.com\/media\/viaduc-cafe-in-brussels-02.png\"><img loading=\"lazy\" decoding=\"async\" width=\"675\" height=\"197\" class=\"alignnone size-full wp-image-4156\" title=\"viaduc-cafe-in-brussels-02\" src=\"https:\/\/blog.bellostes.com\/media\/viaduc-cafe-in-brussels-02.png\" alt=\"\" srcset=\"https:\/\/blog.bellostes.com\/media\/viaduc-cafe-in-brussels-02.png 675w, https:\/\/blog.bellostes.com\/media\/viaduc-cafe-in-brussels-02-330x96.png 330w\" sizes=\"auto, (max-width: 675px) 100vw, 675px\" \/><\/a><\/p>\n<p>Viaduc cafe, Brussels &#8211; Belgium (200?). Arquitectura, B612 associates. Fotograf\u00edas, <a href=\"http:\/\/www.sergebrison.com\/contenu\/indexcentre-001.htm\">Serge Brison<\/a>.<\/p>\n<p>El proyecto resuelve la rehabilitaci\u00f3n de un edificio de inter\u00e9s hist\u00f3rico que acoge un centro cultural,\u00a0 una guarder\u00eda y una cafeter\u00eda.<\/p>\n<p>En la fase de investigaci\u00f3n, previa a la redacci\u00f3n del proyecto, se localizaron diferentes mapas, que documentaban el crecimiento urban\u00edstico de la zona desde el a\u00f1o 1878. Los mapas se han incorporado al edificio recortados con l\u00e1ser sobre planchas de acero inoxidable.<\/p>\n<p>+ <a href=\"http:\/\/architecte.b612associates.net\/PROJETS\/2005---2009\/0507-2.htm\">Viaduc cafe &#8211; B612 associates<\/a> (fotograf\u00edas, ilustraciones y planos)<br \/>\n+ <a href=\"http:\/\/www.architizer.com\/en_us\/projects\/view\/viaduc-cafeteria-and-day-care\/8474\/\">Viaduc cafe &#8211; architizer<\/a> (descripci\u00f3n y fotograf\u00edas)<\/p>\n","protected":false},"excerpt":{"rendered":"<p>Viaduc cafe, Brussels &#8211; Belgium (200?). Arquitectura, B612 associates. Fotograf\u00edas, Serge Brison. El proyecto resuelve la rehabilitaci\u00f3n de un edificio de inter\u00e9s hist\u00f3rico que acoge un centro cultural,\u00a0 una guarder\u00eda y una cafeter\u00eda. En la fase de investigaci\u00f3n, previa a &hellip; <a href=\"https:\/\/blog.bellostes.com\/?p=4137\">Continua leyendo <span class=\"meta-nav\">&raquo;<\/span><\/a><\/p>\n","protected":false},"author":1,"featured_media":0,"comment_status":"open","ping_status":"open","sticky":false,"template":"","format":"standard","meta":{"footnotes":""},"categories":[7,41,110,28,51,30,37],"tags":[63],"class_list":["post-4137","post","type-post","status-publish","format-standard","hentry","category-arquitects","category-arquitectura-y-acero-inoxidable","category-arquitectura-y-cnc","category-arquitectura-y-grafismo","category-arquitectura-y-metal-perforado","category-arquitectura-y-rehabilitacion","category-proyectos-espacios-culturales","tag-cafeterias"],"_links":{"self":[{"href":"https:\/\/blog.bellostes.com\/index.php?rest_route=\/wp\/v2\/posts\/4137","targetHints":{"allow":["GET"]}}],"collection":[{"href":"https:\/\/blog.bellostes.com\/index.php?rest_route=\/wp\/v2\/posts"}],"about":[{"href":"https:\/\/blog.bellostes.com\/index.php?rest_route=\/wp\/v2\/types\/post"}],"author":[{"embeddable":true,"href":"https:\/\/blog.bellostes.com\/index.php?rest_route=\/wp\/v2\/users\/1"}],"replies":[{"embeddable":true,"href":"https:\/\/blog.bellostes.com\/index.php?rest_route=%2Fwp%2Fv2%2Fcomments&post=4137"}],"version-history":[{"count":0,"href":"https:\/\/blog.bellostes.com\/index.php?rest_route=\/wp\/v2\/posts\/4137\/revisions"}],"wp:attachment":[{"href":"https:\/\/blog.bellostes.com\/index.php?rest_route=%2Fwp%2Fv2%2Fmedia&parent=4137"}],"wp:term":[{"taxonomy":"category","embeddable":true,"href":"https:\/\/blog.bellostes.com\/index.php?rest_route=%2Fwp%2Fv2%2Fcategories&post=4137"},{"taxonomy":"post_tag","embeddable":true,"href":"https:\/\/blog.bellostes.com\/index.php?rest_route=%2Fwp%2Fv2%2Ftags&post=4137"}],"curies":[{"name":"wp","href":"https:\/\/api.w.org\/{rel}","templated":true}]}}