{"id":4183,"date":"2010-06-17T04:17:12","date_gmt":"2010-06-17T09:17:12","guid":{"rendered":"https:\/\/blog.bellostes.com\/?p=4183"},"modified":"2010-10-12T14:40:57","modified_gmt":"2010-10-12T12:40:57","slug":"sobre-piedras-castelo-de-sao-jorge-archaeological-core","status":"publish","type":"post","link":"https:\/\/blog.bellostes.com\/?p=4183","title":{"rendered":"sobre piedras &#8211; \u00abCastelo de S\u00e3o Jorge\u00bb archaeological core"},"content":{"rendered":"<p><a href=\"https:\/\/blog.bellostes.com\/media\/castelo-de-sao-jorge-02.png\"><img loading=\"lazy\" decoding=\"async\" width=\"675\" height=\"201\" class=\"alignnone size-full wp-image-4246\" title=\"castelo-de-sao-jorge-02\" src=\"https:\/\/blog.bellostes.com\/media\/castelo-de-sao-jorge-02.png\" alt=\"\" srcset=\"https:\/\/blog.bellostes.com\/media\/castelo-de-sao-jorge-02.png 675w, https:\/\/blog.bellostes.com\/media\/castelo-de-sao-jorge-02-330x98.png 330w\" sizes=\"auto, (max-width: 675px) 100vw, 675px\" \/><\/a><\/p>\n<p>\u00abCastelo de S\u00e3o Jorge\u00bb archaeological core, Lisboa &#8211; Portugal (2010). Arquitectura, <a href=\"http:\/\/jlcg.pt\/\">Jo\u00e3o Lu\u00eds Carrilho da Gra\u00e7a<\/a>. Fotograf\u00edas, Fernando Guerra FG+SG.<\/p>\n<p>El proyecto resuelve la museizaci\u00f3n del yacimiento arqueol\u00f3gico del \u00ab<a href=\"http:\/\/www.castelosaojorge.egeac.pt\/DesktopDefault.aspx\">Castelo de S\u00e3o Jorge<\/a>\u00bb en Lisboa. La excavaci\u00f3n, de 300m2 de superficie, contiene los vestigios de tres periodos: un asentamiento prehist\u00f3rico de la Edad del Hierro (siglo VII a.c), un asentamiento urbano de la etapa isl\u00e1mica (siglos XI a XII) y finalmente el \u00abPal\u00e1cio dos Condes de Santiago\u00bb ( siglos XV a XVIII).<\/p>\n<p><a href=\"https:\/\/blog.bellostes.com\/media\/castelo-de-sao-jorge-01.png\"><img loading=\"lazy\" decoding=\"async\" width=\"675\" height=\"196\" class=\"alignnone size-full wp-image-4244\" title=\"castelo-de-sao-jorge-01\" src=\"https:\/\/blog.bellostes.com\/media\/castelo-de-sao-jorge-01.png\" alt=\"\" srcset=\"https:\/\/blog.bellostes.com\/media\/castelo-de-sao-jorge-01.png 675w, https:\/\/blog.bellostes.com\/media\/castelo-de-sao-jorge-01-330x95.png 330w\" sizes=\"auto, (max-width: 675px) 100vw, 675px\" \/><\/a><\/p>\n<p>La intervenci\u00f3n arquitect\u00f3nica ha consistido en delimitar el \u00e1rea, articular los recorridos,\u00a0 preservar los restos y reconstruir la volumetr\u00eda de dos de las viviendas del periodo isl\u00e1mico.<\/p>\n<p>Los materiales utilizados; acero corten para los elementos de delimitaci\u00f3n y protecci\u00f3n de los vestigios prehist\u00f3ricos y del palacio, y paredes blancas para la reconstrucci\u00f3n de las casas, enfatizan la presencia de los resto p\u00e9treos y cer\u00e1micos, a la vez que permiten estructurar el recorrido y el discurso de la visita arqueol\u00f3gica.<\/p>\n<p>+ <a href=\"http:\/\/www.ultimasreportagens.com\/404.php\">\u00abCastelo de S\u00e3o Jorge\u00bb archaeological core &#8211; ultimas reportagens<\/a> (reportaje de fotograf\u00edas)<br \/>\n+ <a href=\"http:\/\/www.designboom.com\/weblog\/cat\/9\/view\/11826\/jlcg-architects-sao-jorge-castle.html\">\u00abCastelo de S\u00e3o Jorge\u00bb archaeological core &#8211; designboom<\/a> (art\u00edculo de texto con fotograf\u00edas)<br \/>\n+ <a href=\"http:\/\/canelaehortela.com\/estacao-arqueologica-do-castelo-s-jorge-abre-ao-publico\">\u00abCastelo de S\u00e3o Jorge\u00bb archaeological core &#8211; canela e hortela<\/a> (art\u00edculo de texto con fotograf\u00edas)<br \/>\n+ <a href=\"http:\/\/tv1.rtp.pt\/noticias\/?t=Nucleo-arqueologico-do-Castelo-de-Sao-Jorge-aberto-ao-publico.rtp&amp;headline=20&amp;visual=9&amp;article=332785&amp;tm=4\">\u00abCastelo de S\u00e3o Jorge\u00bb archaeological core &#8211; tv1<\/a> (v\u00eddeo reportaje)<br \/>\n+ <a href=\"http:\/\/www.castelosaojorge.egeac.pt\/DesktopDefault.aspx\">\u00abCastelo de S\u00e3o Jorge\u00bb archaeological core &#8211; Castelo de S\u00e3o Jorge<\/a> (la p\u00e1gina del museo)<\/p>\n","protected":false},"excerpt":{"rendered":"<p>\u00abCastelo de S\u00e3o Jorge\u00bb archaeological core, Lisboa &#8211; Portugal (2010). Arquitectura, Jo\u00e3o Lu\u00eds Carrilho da Gra\u00e7a. Fotograf\u00edas, Fernando Guerra FG+SG. El proyecto resuelve la museizaci\u00f3n del yacimiento arqueol\u00f3gico del \u00abCastelo de S\u00e3o Jorge\u00bb en Lisboa. La excavaci\u00f3n, de 300m2 de &hellip; <a href=\"https:\/\/blog.bellostes.com\/?p=4183\">Continua leyendo <span class=\"meta-nav\">&raquo;<\/span><\/a><\/p>\n","protected":false},"author":1,"featured_media":0,"comment_status":"open","ping_status":"open","sticky":false,"template":"","format":"standard","meta":{"footnotes":""},"categories":[7,32,29,24,37],"tags":[69],"class_list":["post-4183","post","type-post","status-publish","format-standard","hentry","category-arquitects","category-arquitectura-y-acero-corten","category-arquitectura-y-espacio-publico","category-exposiciones","category-proyectos-espacios-culturales","tag-museos"],"_links":{"self":[{"href":"https:\/\/blog.bellostes.com\/index.php?rest_route=\/wp\/v2\/posts\/4183","targetHints":{"allow":["GET"]}}],"collection":[{"href":"https:\/\/blog.bellostes.com\/index.php?rest_route=\/wp\/v2\/posts"}],"about":[{"href":"https:\/\/blog.bellostes.com\/index.php?rest_route=\/wp\/v2\/types\/post"}],"author":[{"embeddable":true,"href":"https:\/\/blog.bellostes.com\/index.php?rest_route=\/wp\/v2\/users\/1"}],"replies":[{"embeddable":true,"href":"https:\/\/blog.bellostes.com\/index.php?rest_route=%2Fwp%2Fv2%2Fcomments&post=4183"}],"version-history":[{"count":3,"href":"https:\/\/blog.bellostes.com\/index.php?rest_route=\/wp\/v2\/posts\/4183\/revisions"}],"predecessor-version":[{"id":6676,"href":"https:\/\/blog.bellostes.com\/index.php?rest_route=\/wp\/v2\/posts\/4183\/revisions\/6676"}],"wp:attachment":[{"href":"https:\/\/blog.bellostes.com\/index.php?rest_route=%2Fwp%2Fv2%2Fmedia&parent=4183"}],"wp:term":[{"taxonomy":"category","embeddable":true,"href":"https:\/\/blog.bellostes.com\/index.php?rest_route=%2Fwp%2Fv2%2Fcategories&post=4183"},{"taxonomy":"post_tag","embeddable":true,"href":"https:\/\/blog.bellostes.com\/index.php?rest_route=%2Fwp%2Fv2%2Ftags&post=4183"}],"curies":[{"name":"wp","href":"https:\/\/api.w.org\/{rel}","templated":true}]}}