{"id":4187,"date":"2010-06-08T11:06:35","date_gmt":"2010-06-08T16:06:35","guid":{"rendered":"https:\/\/blog.bellostes.com\/?p=4187"},"modified":"2012-01-22T13:02:44","modified_gmt":"2012-01-22T12:02:44","slug":"punto-de-informacion-wahlbar-mobile-pavilion","status":"publish","type":"post","link":"https:\/\/blog.bellostes.com\/?p=4187","title":{"rendered":"punto de informaci\u00f3n &#8211; w\u00e4hlBAR, mobile pavilion"},"content":{"rendered":"<p><a href=\"https:\/\/blog.bellostes.com\/media\/wahlbar-mobile-pavilion.png\"><img loading=\"lazy\" decoding=\"async\" width=\"675\" height=\"205\" class=\"alignnone size-full wp-image-4193\" title=\"wahlbar-mobile-pavilion\" src=\"https:\/\/blog.bellostes.com\/media\/wahlbar-mobile-pavilion.png\" alt=\"\" srcset=\"https:\/\/blog.bellostes.com\/media\/wahlbar-mobile-pavilion.png 675w, https:\/\/blog.bellostes.com\/media\/wahlbar-mobile-pavilion-330x100.png 330w\" sizes=\"auto, (max-width: 675px) 100vw, 675px\" \/><\/a><\/p>\n<p>w\u00e4hlBAR, mobile pavilion. Various locations &#8211; Austria (2002). Arquitectura, synn architekten y nonconform architektur. Fotograf\u00edas, <a href=\"http:\/\/www.kollerphoto.com\/\">Alexander Koller<\/a>.<\/p>\n<p>El proyecto resuelve la construcci\u00f3n de un punto de informaci\u00f3n itinerante, para la la campa\u00f1a electoral del partido verde, en las elecciones austriacas del a\u00f1o 2002.<\/p>\n<p><a href=\"https:\/\/blog.bellostes.com\/media\/wahlbar-mobile-pavilion-02.png\"><img loading=\"lazy\" decoding=\"async\" width=\"675\" height=\"180\" class=\"alignnone size-full wp-image-4195\" title=\"wahlbar-mobile-pavilion-02\" src=\"https:\/\/blog.bellostes.com\/media\/wahlbar-mobile-pavilion-02.png\" alt=\"\" srcset=\"https:\/\/blog.bellostes.com\/media\/wahlbar-mobile-pavilion-02.png 675w, https:\/\/blog.bellostes.com\/media\/wahlbar-mobile-pavilion-02-330x88.png 330w\" sizes=\"auto, (max-width: 675px) 100vw, 675px\" \/><\/a><\/p>\n<p>El dise\u00f1o se centro en comunicar los conceptos b\u00e1sicos de la campa\u00f1a como: transparencia, ruptura, cercan\u00eda o flexibilidad, mediante la composici\u00f3n articulada de tres m\u00f3dulos adosados,\u00a0 construidos con secciones transversales de madera laminada y revestimiento de pl\u00e1stico transl\u00facido fijado a la estructura con \u00ab<a href=\"http:\/\/es.wikipedia.org\/wiki\/Velcro\">velcro<\/a>\u00ab.<\/p>\n<p>+ <a href=\"http:\/\/www.synn.at\/public\/03waehlBAR.html\">w\u00e4hlBAR &#8211; synn architekten<\/a> (descripci\u00f3n y fotograf\u00edas)<br \/>\n+ <a href=\"http:\/\/www.nonconform.at\/index.php?idcatside=71\">w\u00e4hlBAR &#8211; nonconform architektur<\/a> (descripci\u00f3n y fotograf\u00edas)<br \/>\n+ <a href=\"http:\/\/www.nextroom.at\/building.php?id=2223\">w\u00e4hlBAR &#8211; nextroom<\/a> (art\u00edculo de texto con fotograf\u00edas y plano)<\/p>\n","protected":false},"excerpt":{"rendered":"<p>w\u00e4hlBAR, mobile pavilion. Various locations &#8211; Austria (2002). Arquitectura, synn architekten y nonconform architektur. Fotograf\u00edas, Alexander Koller. El proyecto resuelve la construcci\u00f3n de un punto de informaci\u00f3n itinerante, para la la campa\u00f1a electoral del partido verde, en las elecciones austriacas &hellip; <a href=\"https:\/\/blog.bellostes.com\/?p=4187\">Continua leyendo <span class=\"meta-nav\">&raquo;<\/span><\/a><\/p>\n","protected":false},"author":1,"featured_media":0,"comment_status":"open","ping_status":"open","sticky":false,"template":"","format":"standard","meta":{"footnotes":""},"categories":[7,20,72,22,29,50,60,24,34],"tags":[93,87],"class_list":["post-4187","post","type-post","status-publish","format-standard","hentry","category-arquitects","category-arquitectura-efimera","category-arquitectura-itinerante","category-arquitectura-modular","category-arquitectura-y-espacio-publico","category-arquitectura-y-madera","category-arquitectura-y-plastico","category-exposiciones","category-proyectos-micro-equipamientos","tag-pabellones-temporales","tag-oficinas-de-informacion"],"_links":{"self":[{"href":"https:\/\/blog.bellostes.com\/index.php?rest_route=\/wp\/v2\/posts\/4187","targetHints":{"allow":["GET"]}}],"collection":[{"href":"https:\/\/blog.bellostes.com\/index.php?rest_route=\/wp\/v2\/posts"}],"about":[{"href":"https:\/\/blog.bellostes.com\/index.php?rest_route=\/wp\/v2\/types\/post"}],"author":[{"embeddable":true,"href":"https:\/\/blog.bellostes.com\/index.php?rest_route=\/wp\/v2\/users\/1"}],"replies":[{"embeddable":true,"href":"https:\/\/blog.bellostes.com\/index.php?rest_route=%2Fwp%2Fv2%2Fcomments&post=4187"}],"version-history":[{"count":2,"href":"https:\/\/blog.bellostes.com\/index.php?rest_route=\/wp\/v2\/posts\/4187\/revisions"}],"predecessor-version":[{"id":18972,"href":"https:\/\/blog.bellostes.com\/index.php?rest_route=\/wp\/v2\/posts\/4187\/revisions\/18972"}],"wp:attachment":[{"href":"https:\/\/blog.bellostes.com\/index.php?rest_route=%2Fwp%2Fv2%2Fmedia&parent=4187"}],"wp:term":[{"taxonomy":"category","embeddable":true,"href":"https:\/\/blog.bellostes.com\/index.php?rest_route=%2Fwp%2Fv2%2Fcategories&post=4187"},{"taxonomy":"post_tag","embeddable":true,"href":"https:\/\/blog.bellostes.com\/index.php?rest_route=%2Fwp%2Fv2%2Ftags&post=4187"}],"curies":[{"name":"wp","href":"https:\/\/api.w.org\/{rel}","templated":true}]}}