{"id":425,"date":"2007-12-09T17:05:30","date_gmt":"2007-12-09T22:05:30","guid":{"rendered":"https:\/\/blog.bellostes.com\/?p=425"},"modified":"2009-10-30T13:06:28","modified_gmt":"2009-10-30T18:06:28","slug":"arquitectura-rural-almacen-temporal-para-fruta","status":"publish","type":"post","link":"https:\/\/blog.bellostes.com\/?p=425","title":{"rendered":"arquitectura rural &#8211; almac\u00e9n temporal para fruta"},"content":{"rendered":"<p><img decoding=\"async\" id=\"image426\" src=\"https:\/\/blog.bellostes.com\/media\/Fruit%20Warehouse%202.png\" alt=\"Fruit Warehouse 2.png\" \/><br \/>\nFruit Warehouse, Santiago de Chile-Chile (2002). Arquitectura, Felipe Assadi. Fotograf\u00edas, Juan Purcell (<a href=\"http:\/\/www.barqo.cl\/v1\/proyecto.php?tipo=198\">ver reportaje de fotograf\u00edas<\/a>)<\/p>\n<p>Este almac\u00e9n temporal para fruta, esta formado por un prisma de 1,50&#215;10,00m de base y 2,20 metros de alto. Las dimensiones parten del modulo de una caja de madera de 45x30X20cm.<\/p>\n<p><img decoding=\"async\" id=\"image424\" src=\"https:\/\/blog.bellostes.com\/media\/Fruit%20Warehouse%201.png\" alt=\"Fruit Warehouse 1.png\" \/><\/p>\n<p>La estructura es met\u00e1lica, forrada en el interior con paneles de virutas de madera aglomerada tipo \u201cOSB\u201d, la cubierta se ha resuelto con chapa de zinc y el cerramiento exterior con tablas de madera de alerce de 4\u201dx1\u201d fijadas mediante tornillos a los bastidores perimetrales. Para facilitar la ventilaci\u00f3n las juntas entre tablas quedan abiertas y las tablas enteras se combinan con medias formado un juego de aberturas aleatorias, para impedir la entrada de insectos en la cara interior se ha instalado una malla mosquitera de acero inoxidable.<\/p>\n<p>+  <a href=\"http:\/\/www.felipeassadi.com\/INDEX.HTM\">Fruit Warehouse &#8211; Felipe Assadi <\/a><\/p>\n","protected":false},"excerpt":{"rendered":"<p>Fruit Warehouse, Santiago de Chile-Chile (2002). Arquitectura, Felipe Assadi. Fotograf\u00edas, Juan Purcell (ver reportaje de fotograf\u00edas) Este almac\u00e9n temporal para fruta, esta formado por un prisma de 1,50&#215;10,00m de base y 2,20 metros de alto. Las dimensiones parten del modulo &hellip; <a href=\"https:\/\/blog.bellostes.com\/?p=425\">Continua leyendo <span class=\"meta-nav\">&raquo;<\/span><\/a><\/p>\n","protected":false},"author":1,"featured_media":0,"comment_status":"open","ping_status":"open","sticky":false,"template":"","format":"standard","meta":{"footnotes":""},"categories":[7,95,50,34],"tags":[83],"class_list":["post-425","post","type-post","status-publish","format-standard","hentry","category-arquitects","category-arquitectura-rural","category-arquitectura-y-madera","category-proyectos-micro-equipamientos","tag-pabellones"],"_links":{"self":[{"href":"https:\/\/blog.bellostes.com\/index.php?rest_route=\/wp\/v2\/posts\/425","targetHints":{"allow":["GET"]}}],"collection":[{"href":"https:\/\/blog.bellostes.com\/index.php?rest_route=\/wp\/v2\/posts"}],"about":[{"href":"https:\/\/blog.bellostes.com\/index.php?rest_route=\/wp\/v2\/types\/post"}],"author":[{"embeddable":true,"href":"https:\/\/blog.bellostes.com\/index.php?rest_route=\/wp\/v2\/users\/1"}],"replies":[{"embeddable":true,"href":"https:\/\/blog.bellostes.com\/index.php?rest_route=%2Fwp%2Fv2%2Fcomments&post=425"}],"version-history":[{"count":0,"href":"https:\/\/blog.bellostes.com\/index.php?rest_route=\/wp\/v2\/posts\/425\/revisions"}],"wp:attachment":[{"href":"https:\/\/blog.bellostes.com\/index.php?rest_route=%2Fwp%2Fv2%2Fmedia&parent=425"}],"wp:term":[{"taxonomy":"category","embeddable":true,"href":"https:\/\/blog.bellostes.com\/index.php?rest_route=%2Fwp%2Fv2%2Fcategories&post=425"},{"taxonomy":"post_tag","embeddable":true,"href":"https:\/\/blog.bellostes.com\/index.php?rest_route=%2Fwp%2Fv2%2Ftags&post=425"}],"curies":[{"name":"wp","href":"https:\/\/api.w.org\/{rel}","templated":true}]}}