{"id":4251,"date":"2010-06-21T04:15:49","date_gmt":"2010-06-21T09:15:49","guid":{"rendered":"https:\/\/blog.bellostes.com\/?p=4251"},"modified":"2012-01-28T19:08:55","modified_gmt":"2012-01-28T18:08:55","slug":"segmentos-de-luz-space-lab-exhibition-pavilion","status":"publish","type":"post","link":"https:\/\/blog.bellostes.com\/?p=4251","title":{"rendered":"segmentos de luz &#8211; space lab, exhibition pavilion"},"content":{"rendered":"<p><a href=\"https:\/\/blog.bellostes.com\/media\/space-lab-pavilion.png\"><img loading=\"lazy\" decoding=\"async\" width=\"675\" height=\"202\" class=\"alignnone size-full wp-image-4271\" title=\"space-lab-pavilion\" src=\"https:\/\/blog.bellostes.com\/media\/space-lab-pavilion.png\" alt=\"\" srcset=\"https:\/\/blog.bellostes.com\/media\/space-lab-pavilion.png 675w, https:\/\/blog.bellostes.com\/media\/space-lab-pavilion-330x98.png 330w\" sizes=\"auto, (max-width: 675px) 100vw, 675px\" \/><\/a><\/p>\n<p>Space Lab,\u00a0a resting space and exhibition pavilion\u00a0 (University of Tokyo). Tokyo &#8211; Japan (2018). Arquitectura, Kohki Hiranuma Architect &amp; Associates. Fotograf\u00edas, Satoshi Shigeta (arriba y centro) y khaa.jp (abajo).<\/p>\n<p>\u00abSpace lab\u00bb esta instalado en los jardines del \u00abKomaba research campus\u00bb de la \u00abUniversity of Tokyo\u00bb. El pabell\u00f3n, destinado a usos m\u00faltiples (exposiciones, talleres, \u00e1rea de descanso para los estudiantes del campus), es el resultado de cuatro a\u00f1os de investigaci\u00f3n, para desarrollar un sistema constructivo con madera, que permita la utilizaci\u00f3n de los troncos no aptos para la industria tradicional (cortos, estrechos, curvados, etc).<\/p>\n<p><a href=\"https:\/\/blog.bellostes.com\/media\/space-lab-pavilion-01.png\"><img loading=\"lazy\" decoding=\"async\" width=\"675\" height=\"200\" class=\"alignnone size-full wp-image-4273\" title=\"space-lab-pavilion-01\" src=\"https:\/\/blog.bellostes.com\/media\/space-lab-pavilion-01.png\" alt=\"\" srcset=\"https:\/\/blog.bellostes.com\/media\/space-lab-pavilion-01.png 675w, https:\/\/blog.bellostes.com\/media\/space-lab-pavilion-01-330x97.png 330w\" sizes=\"auto, (max-width: 675px) 100vw, 675px\" \/><\/a><\/p>\n<p>El prototipo se ha construido con tablas de madera de cedro de dos tama\u00f1os, de 38&#215;89 mm y de 51&#215;89 mm. Las tablas se montan formado piezas compuestas, con dos tablas en forma de \u00abele\u00bb que encajandas dos a dos definen una secci\u00f3n maciza y rectangular (tipo ladrillo de madera).<\/p>\n<p><a href=\"https:\/\/blog.bellostes.com\/media\/space-lab-pavilion-02.png\"><img loading=\"lazy\" decoding=\"async\" width=\"675\" height=\"193\" class=\"alignnone size-full wp-image-4276\" title=\"space-lab-pavilion-02\" src=\"https:\/\/blog.bellostes.com\/media\/space-lab-pavilion-02.png\" alt=\"\" srcset=\"https:\/\/blog.bellostes.com\/media\/space-lab-pavilion-02.png 675w, https:\/\/blog.bellostes.com\/media\/space-lab-pavilion-02-330x94.png 330w\" sizes=\"auto, (max-width: 675px) 100vw, 675px\" \/><\/a><\/p>\n<p>Posteriormente las piezas se montan con anclajes met\u00e1licos a contra-juntas, dejando algunos segmentos abiertos para definir una composici\u00f3n aleatoria de aberturas sesgadas .<\/p>\n<p>+ <a href=\"http:\/\/www.khaa.jp\/project\/contents_e\/101.htm\">Space Lab &#8211; Kohki Hiranuma<\/a> (descripci\u00f3n con fotograf\u00edas del proceso de construcci\u00f3n y la obra acabada, mas fotograf\u00edas de la reproducci\u00f3n a escala para la exposici\u00f3n \u00ab<a href=\"http:\/\/www.khaa.jp\/exhibition\/E3_exhibition\/e10.html\">unknown architecture<\/a>\u00ab)<br \/>\n+ <a href=\"http:\/\/www.e-architect.co.uk\/tokyo\/space_lab_university_tokyo.htm\">Space Lab &#8211; e-architect<\/a> (art\u00edculo de texto con fotograf\u00edas)<br \/>\n+ <a href=\"http:\/\/www.architizer.com\/en_us\/projects\/view\/space-lab\/9463\/\">Space Lab &#8211; architizer<\/a> (fotograf\u00edas)<\/p>\n","protected":false},"excerpt":{"rendered":"<p>Space Lab,\u00a0a resting space and exhibition pavilion\u00a0 (University of Tokyo). Tokyo &#8211; Japan (2018). Arquitectura, Kohki Hiranuma Architect &amp; Associates. Fotograf\u00edas, Satoshi Shigeta (arriba y centro) y khaa.jp (abajo). \u00abSpace lab\u00bb esta instalado en los jardines del \u00abKomaba research campus\u00bb &hellip; <a href=\"https:\/\/blog.bellostes.com\/?p=4251\">Continua leyendo <span class=\"meta-nav\">&raquo;<\/span><\/a><\/p>\n","protected":false},"author":1,"featured_media":0,"comment_status":"open","ping_status":"open","sticky":false,"template":"","format":"standard","meta":{"footnotes":""},"categories":[7,50,99,33,34],"tags":[83],"class_list":["post-4251","post","type-post","status-publish","format-standard","hentry","category-arquitects","category-arquitectura-y-madera","category-diseno-y-fabricacion","category-proyectos-equipamientos-educativos","category-proyectos-micro-equipamientos","tag-pabellones"],"_links":{"self":[{"href":"https:\/\/blog.bellostes.com\/index.php?rest_route=\/wp\/v2\/posts\/4251","targetHints":{"allow":["GET"]}}],"collection":[{"href":"https:\/\/blog.bellostes.com\/index.php?rest_route=\/wp\/v2\/posts"}],"about":[{"href":"https:\/\/blog.bellostes.com\/index.php?rest_route=\/wp\/v2\/types\/post"}],"author":[{"embeddable":true,"href":"https:\/\/blog.bellostes.com\/index.php?rest_route=\/wp\/v2\/users\/1"}],"replies":[{"embeddable":true,"href":"https:\/\/blog.bellostes.com\/index.php?rest_route=%2Fwp%2Fv2%2Fcomments&post=4251"}],"version-history":[{"count":3,"href":"https:\/\/blog.bellostes.com\/index.php?rest_route=\/wp\/v2\/posts\/4251\/revisions"}],"predecessor-version":[{"id":19042,"href":"https:\/\/blog.bellostes.com\/index.php?rest_route=\/wp\/v2\/posts\/4251\/revisions\/19042"}],"wp:attachment":[{"href":"https:\/\/blog.bellostes.com\/index.php?rest_route=%2Fwp%2Fv2%2Fmedia&parent=4251"}],"wp:term":[{"taxonomy":"category","embeddable":true,"href":"https:\/\/blog.bellostes.com\/index.php?rest_route=%2Fwp%2Fv2%2Fcategories&post=4251"},{"taxonomy":"post_tag","embeddable":true,"href":"https:\/\/blog.bellostes.com\/index.php?rest_route=%2Fwp%2Fv2%2Ftags&post=4251"}],"curies":[{"name":"wp","href":"https:\/\/api.w.org\/{rel}","templated":true}]}}