{"id":4416,"date":"2010-07-14T07:57:54","date_gmt":"2010-07-14T12:57:54","guid":{"rendered":"https:\/\/blog.bellostes.com\/?p=4416"},"modified":"2014-04-05T20:59:45","modified_gmt":"2014-04-05T18:59:45","slug":"con-vistas-al-parque-kirchberg-kiosk","status":"publish","type":"post","link":"https:\/\/blog.bellostes.com\/?p=4416","title":{"rendered":"con vistas al parque &#8211; kirchberg kiosk"},"content":{"rendered":"<p><a href=\"https:\/\/blog.bellostes.com\/media\/kirchberg-kiosk.png\"><img loading=\"lazy\" decoding=\"async\" width=\"675\" height=\"191\" class=\"alignnone size-full wp-image-4425\" title=\"kirchberg-kiosk\" alt=\"\" src=\"https:\/\/blog.bellostes.com\/media\/kirchberg-kiosk.png\" srcset=\"https:\/\/blog.bellostes.com\/media\/kirchberg-kiosk.png 675w, https:\/\/blog.bellostes.com\/media\/kirchberg-kiosk-330x93.png 330w\" sizes=\"auto, (max-width: 675px) 100vw, 675px\" \/><\/a><\/p>\n<p>Kirchberg Kiosk, Luxembourg City &#8211; Luxembourg (2008). Arquitectura, <a href=\"http:\/\/www.polaris-architects.com\/fr\/\">Polaris architects<\/a>. Fotograf\u00edas, pametjenny.be<\/p>\n<p>El quiosco, compuesto por un prisma de planta cuadrada de siete metros, incorpora al \u00abParc Central\u00bb del distrito Kirchberg, un bar equipado con cocina y aseos en la planta baja y una terraza-mirador con vistas al parque, en la planta piso.<\/p>\n<p>+ <a href=\"http:\/\/www.pametjenny.be\/\">Kirchberg Kiosk &#8211; Pam et Jenny<\/a> (descripci\u00f3n y fotograf\u00edas, en flash)<br \/>\n+ <a href=\"http:\/\/www.mtp.public.lu\/actualites\/conferences-presse\/2008\/07\/rapport-annuel-fuak\/ra07.pdf\">Kirchberg Kiosk &#8211; mtp Luxembourg<\/a> (descripci\u00f3n y fotograf\u00eda, p\u00e1ginas 80-81 en formato pdf)<br \/>\n+ <a href=\"http:\/\/www.architizer.com\/en_us\/projects\/view\/kirchberg-kiosk\/10318\/\">Kirchberg Kiosk &#8211; Architizer<\/a> (fotograf\u00edas)<\/p>\n","protected":false},"excerpt":{"rendered":"<p>Kirchberg Kiosk, Luxembourg City &#8211; Luxembourg (2008). Arquitectura, Polaris architects. Fotograf\u00edas, pametjenny.be El quiosco, compuesto por un prisma de planta cuadrada de siete metros, incorpora al \u00abParc Central\u00bb del distrito Kirchberg, un bar equipado con cocina y aseos en la &hellip; <a href=\"https:\/\/blog.bellostes.com\/?p=4416\">Continua leyendo <span class=\"meta-nav\">&raquo;<\/span><\/a><\/p>\n","protected":false},"author":1,"featured_media":0,"comment_status":"open","ping_status":"open","sticky":false,"template":"","format":"standard","meta":{"footnotes":""},"categories":[7,27,29,28,42,36,34],"tags":[77,100,85],"class_list":["post-4416","post","type-post","status-publish","format-standard","hentry","category-arquitects","category-arquitectura-y-color","category-arquitectura-y-espacio-publico","category-arquitectura-y-grafismo","category-arquitectura-y-hormigon-visto","category-proyectos-espacios-comerciales","category-proyectos-micro-equipamientos","tag-bares","tag-miradores","tag-quioscos"],"_links":{"self":[{"href":"https:\/\/blog.bellostes.com\/index.php?rest_route=\/wp\/v2\/posts\/4416","targetHints":{"allow":["GET"]}}],"collection":[{"href":"https:\/\/blog.bellostes.com\/index.php?rest_route=\/wp\/v2\/posts"}],"about":[{"href":"https:\/\/blog.bellostes.com\/index.php?rest_route=\/wp\/v2\/types\/post"}],"author":[{"embeddable":true,"href":"https:\/\/blog.bellostes.com\/index.php?rest_route=\/wp\/v2\/users\/1"}],"replies":[{"embeddable":true,"href":"https:\/\/blog.bellostes.com\/index.php?rest_route=%2Fwp%2Fv2%2Fcomments&post=4416"}],"version-history":[{"count":2,"href":"https:\/\/blog.bellostes.com\/index.php?rest_route=\/wp\/v2\/posts\/4416\/revisions"}],"predecessor-version":[{"id":28184,"href":"https:\/\/blog.bellostes.com\/index.php?rest_route=\/wp\/v2\/posts\/4416\/revisions\/28184"}],"wp:attachment":[{"href":"https:\/\/blog.bellostes.com\/index.php?rest_route=%2Fwp%2Fv2%2Fmedia&parent=4416"}],"wp:term":[{"taxonomy":"category","embeddable":true,"href":"https:\/\/blog.bellostes.com\/index.php?rest_route=%2Fwp%2Fv2%2Fcategories&post=4416"},{"taxonomy":"post_tag","embeddable":true,"href":"https:\/\/blog.bellostes.com\/index.php?rest_route=%2Fwp%2Fv2%2Ftags&post=4416"}],"curies":[{"name":"wp","href":"https:\/\/api.w.org\/{rel}","templated":true}]}}