{"id":458,"date":"2007-12-22T06:42:33","date_gmt":"2007-12-22T11:42:33","guid":{"rendered":"https:\/\/blog.bellostes.com\/?p=458"},"modified":"2009-11-08T14:56:00","modified_gmt":"2009-11-08T19:56:00","slug":"liao-yusheng-fotografia-de-arquitectura","status":"publish","type":"post","link":"https:\/\/blog.bellostes.com\/?p=458","title":{"rendered":"Liao Yusheng &#8211; fotograf\u00eda de arquitectura"},"content":{"rendered":"<p><img decoding=\"async\" id=\"image459\" src=\"https:\/\/blog.bellostes.com\/media\/Vitra%20Fire%20Station2.png\" alt=\"Vitra Fire Station2.png\" \/><br \/>\nVitra Fire Station, Weil am Rhein-Deutschland (1993). Arquitectura, Zaha Hadid architects.  Fotograf\u00edas, Liao Yusheng (<a href=\"http:\/\/figure-ground.com\/travel\/image.php?vitra_fire\">ver m\u00e1s im\u00e1genes del reportaje de Liao Yusheng<\/a>).<\/p>\n<p><img decoding=\"async\" id=\"image457\" src=\"https:\/\/blog.bellostes.com\/media\/Vitra%20Fire%20Station1.png\" alt=\"Vitra Fire Station1.png\" \/><\/p>\n<p>El fot\u00f3grafo Liao Yusheng, muestra en su web una variada selecci\u00f3n de reportajes de arquitectura. En la serie dedicada a los edificios del complejo de la fabrica de muebles \u201cVitra\u201d pod\u00e9is ver los proyectos de Ando (Vitra Conference Pavilion), Gehry (Vitra Design Museum and Factory) y Hadid (Vitra Fire Station).<\/p>\n<p>+ L<a href=\"http:\/\/figure-ground.com\/\">iao Yusheng &#8211; reportajes de arquitectura<\/a> (figure-ground.com)<\/p>\n<p>+ <a href=\"http:\/\/www.pritzkerprize.com\/2004\/pdf\/Vitra.pdf\">Vitra Fire Station &#8211; pritzkerprize.com<\/a> (art\u00edculo en formato pdf con texto y fotograf\u00edas)<br \/>\n+ <a href=\"http:\/\/www.vitra.com\/architecture\/default.asp?lang=il_en\">Vitra architecture &#8211; vitra.com<\/a><\/p>\n","protected":false},"excerpt":{"rendered":"<p>Vitra Fire Station, Weil am Rhein-Deutschland (1993). Arquitectura, Zaha Hadid architects. Fotograf\u00edas, Liao Yusheng (ver m\u00e1s im\u00e1genes del reportaje de Liao Yusheng). El fot\u00f3grafo Liao Yusheng, muestra en su web una variada selecci\u00f3n de reportajes de arquitectura. En la serie &hellip; <a href=\"https:\/\/blog.bellostes.com\/?p=458\">Continua leyendo <span class=\"meta-nav\">&raquo;<\/span><\/a><\/p>\n","protected":false},"author":1,"featured_media":0,"comment_status":"open","ping_status":"open","sticky":false,"template":"","format":"standard","meta":{"footnotes":""},"categories":[7,8,9],"tags":[],"class_list":["post-458","post","type-post","status-publish","format-standard","hentry","category-arquitects","category-fotografia","category-proyectos"],"_links":{"self":[{"href":"https:\/\/blog.bellostes.com\/index.php?rest_route=\/wp\/v2\/posts\/458","targetHints":{"allow":["GET"]}}],"collection":[{"href":"https:\/\/blog.bellostes.com\/index.php?rest_route=\/wp\/v2\/posts"}],"about":[{"href":"https:\/\/blog.bellostes.com\/index.php?rest_route=\/wp\/v2\/types\/post"}],"author":[{"embeddable":true,"href":"https:\/\/blog.bellostes.com\/index.php?rest_route=\/wp\/v2\/users\/1"}],"replies":[{"embeddable":true,"href":"https:\/\/blog.bellostes.com\/index.php?rest_route=%2Fwp%2Fv2%2Fcomments&post=458"}],"version-history":[{"count":0,"href":"https:\/\/blog.bellostes.com\/index.php?rest_route=\/wp\/v2\/posts\/458\/revisions"}],"wp:attachment":[{"href":"https:\/\/blog.bellostes.com\/index.php?rest_route=%2Fwp%2Fv2%2Fmedia&parent=458"}],"wp:term":[{"taxonomy":"category","embeddable":true,"href":"https:\/\/blog.bellostes.com\/index.php?rest_route=%2Fwp%2Fv2%2Fcategories&post=458"},{"taxonomy":"post_tag","embeddable":true,"href":"https:\/\/blog.bellostes.com\/index.php?rest_route=%2Fwp%2Fv2%2Ftags&post=458"}],"curies":[{"name":"wp","href":"https:\/\/api.w.org\/{rel}","templated":true}]}}