{"id":4605,"date":"2010-08-17T05:28:57","date_gmt":"2010-08-17T10:28:57","guid":{"rendered":"https:\/\/blog.bellostes.com\/?p=4605"},"modified":"2010-08-17T05:40:21","modified_gmt":"2010-08-17T10:40:21","slug":"la-guarderia-de-la-universidad-kinderland-kindergarten","status":"publish","type":"post","link":"https:\/\/blog.bellostes.com\/?p=4605","title":{"rendered":"la guarder\u00eda de la universidad &#8211; kinderland kindergarten"},"content":{"rendered":"<p><a href=\"https:\/\/blog.bellostes.com\/media\/kinderland-kindergarten.png\"><img loading=\"lazy\" decoding=\"async\" width=\"675\" height=\"200\" class=\"alignnone size-full wp-image-4618\" title=\"kinderland-kindergarten\" src=\"https:\/\/blog.bellostes.com\/media\/kinderland-kindergarten.png\" alt=\"\" srcset=\"https:\/\/blog.bellostes.com\/media\/kinderland-kindergarten.png 675w, https:\/\/blog.bellostes.com\/media\/kinderland-kindergarten-330x97.png 330w\" sizes=\"auto, (max-width: 675px) 100vw, 675px\" \/><\/a><\/p>\n<p>Kinderland kindergarten (universit\u00e4t Stuttgart-Vaihingen), Stuttgart &#8211; Germany (2010). Arquitectura, Wolfgang Roth architekten. Fotograf\u00edas, Brigida Gonzalez.<\/p>\n<p>El edificio acoge la nueva guarder\u00eda destinada a los hijos del personal y los estudiantes de la \u00abuniversit\u00e4t Stuttgart-Vaihingen\u00bb.<\/p>\n<p><a href=\"https:\/\/blog.bellostes.com\/media\/kinderland-kindergarten-01.png\"><img loading=\"lazy\" decoding=\"async\" width=\"675\" height=\"195\" class=\"alignnone size-full wp-image-4619\" title=\"kinderland-kindergarten-01\" src=\"https:\/\/blog.bellostes.com\/media\/kinderland-kindergarten-01.png\" alt=\"\" srcset=\"https:\/\/blog.bellostes.com\/media\/kinderland-kindergarten-01.png 675w, https:\/\/blog.bellostes.com\/media\/kinderland-kindergarten-01-330x95.png 330w\" sizes=\"auto, (max-width: 675px) 100vw, 675px\" \/><\/a><\/p>\n<p>El acabado de las fachadas exteriores, se ha resuelto con listones de madera, de secci\u00f3n cuadrada, montados en sentido vertical y con las juntas abiertas, fijados sobre rastreles horizontales del mismo material, mientras que los remates de la cubierta y las ventanas, as\u00ed como los bajantes pluviales son de cobre.<\/p>\n<p>El sistema constructivo, prefabricado de madera, ha permitido completar la obra en cuatro meses.<\/p>\n<p>+ <a href=\"http:\/\/www.roth-architekten.com\/?s=20#\">Kinderland kindergarten &#8211; Wolfgang Roth architekten<\/a> (descripci\u00f3n con fotograf\u00edas)<br \/>\n+ <a href=\"http:\/\/www.brigidagonzalez.de\/\">Kinderland kindergarten &#8211; Brigida Gonzalez<\/a> (reportaje de fotograf\u00edas en flash)<\/p>\n","protected":false},"excerpt":{"rendered":"<p>Kinderland kindergarten (universit\u00e4t Stuttgart-Vaihingen), Stuttgart &#8211; Germany (2010). Arquitectura, Wolfgang Roth architekten. Fotograf\u00edas, Brigida Gonzalez. El edificio acoge la nueva guarder\u00eda destinada a los hijos del personal y los estudiantes de la \u00abuniversit\u00e4t Stuttgart-Vaihingen\u00bb. El acabado de las fachadas exteriores, &hellip; <a href=\"https:\/\/blog.bellostes.com\/?p=4605\">Continua leyendo <span class=\"meta-nav\">&raquo;<\/span><\/a><\/p>\n","protected":false},"author":1,"featured_media":0,"comment_status":"open","ping_status":"open","sticky":false,"template":"","format":"standard","meta":{"footnotes":""},"categories":[7,22,116,97,50,33],"tags":[73],"class_list":["post-4605","post","type-post","status-publish","format-standard","hentry","category-arquitects","category-arquitectura-modular","category-arquitectura-para-nins","category-arquitectura-y-cobre","category-arquitectura-y-madera","category-proyectos-equipamientos-educativos","tag-guarderias"],"_links":{"self":[{"href":"https:\/\/blog.bellostes.com\/index.php?rest_route=\/wp\/v2\/posts\/4605","targetHints":{"allow":["GET"]}}],"collection":[{"href":"https:\/\/blog.bellostes.com\/index.php?rest_route=\/wp\/v2\/posts"}],"about":[{"href":"https:\/\/blog.bellostes.com\/index.php?rest_route=\/wp\/v2\/types\/post"}],"author":[{"embeddable":true,"href":"https:\/\/blog.bellostes.com\/index.php?rest_route=\/wp\/v2\/users\/1"}],"replies":[{"embeddable":true,"href":"https:\/\/blog.bellostes.com\/index.php?rest_route=%2Fwp%2Fv2%2Fcomments&post=4605"}],"version-history":[{"count":0,"href":"https:\/\/blog.bellostes.com\/index.php?rest_route=\/wp\/v2\/posts\/4605\/revisions"}],"wp:attachment":[{"href":"https:\/\/blog.bellostes.com\/index.php?rest_route=%2Fwp%2Fv2%2Fmedia&parent=4605"}],"wp:term":[{"taxonomy":"category","embeddable":true,"href":"https:\/\/blog.bellostes.com\/index.php?rest_route=%2Fwp%2Fv2%2Fcategories&post=4605"},{"taxonomy":"post_tag","embeddable":true,"href":"https:\/\/blog.bellostes.com\/index.php?rest_route=%2Fwp%2Fv2%2Ftags&post=4605"}],"curies":[{"name":"wp","href":"https:\/\/api.w.org\/{rel}","templated":true}]}}