{"id":494,"date":"2008-01-09T15:49:56","date_gmt":"2008-01-09T20:49:56","guid":{"rendered":"https:\/\/blog.bellostes.com\/?p=494"},"modified":"2009-10-30T13:04:42","modified_gmt":"2009-10-30T18:04:42","slug":"tep-loungin","status":"publish","type":"post","link":"https:\/\/blog.bellostes.com\/?p=494","title":{"rendered":"pabell\u00f3n itinerante &#8211; tep loungin"},"content":{"rendered":"<p><img decoding=\"async\" id=\"image497\" src=\"https:\/\/blog.bellostes.com\/media\/Tep%20Loungin1.png\" alt=\"Tep Loungin1.png\" \/><br \/>\nTep Loungin, Rotterdam-Netherlands  (2001). Arquitectura, Aldo Vos and Siebold Nijenhuis (BroekBakema). Fotograf\u00edas,  broekbakema.nl<\/p>\n<p>Este peque\u00f1o pabell\u00f3n se construy\u00f3 para albergar una exposici\u00f3n temporal sobre arquitectura con capacidad para unas 20 personas (en la actualidad funciona como oficina de informaci\u00f3n de la comunidad de Rotterdam).<\/p>\n<p>La soluci\u00f3n adoptada consisti\u00f3 en un volumen prism\u00e1tico (con las aristas redondeadas) formado por un marco de acero galvanizado, envuelto con una piel de  policarbonato ondulado transl\u00facido. Al volumen inicial se le practicaron 5 huecos-estancias de poli\u00e9ster de color rojo. Todas los huecos se construyeron con el mismo molde, pero para dar variedad visual y de uso se montaron con diferentes posiciones. Cada hueco-estancia estaba equipado con una pantalla donde se proyectaba el contenido de la exposici\u00f3n.<\/p>\n<p>Los huecos quedaban cerrados con unas puertas (paneles) de metal estirado (deploy\u00e9), abatibles con el eje situado en la parte inferior, de manera que una vez abiertas formaban una alfombra sobre el pavimento y delimitaban el \u00e1mbito de acceso al pabell\u00f3n.<\/p>\n<p>+ <a href=\"http:\/\/broekbakema.ezcompany.nl\/beta\/?m=p&amp;s=8&amp;p=12&amp;showbig=1&amp;PHPSESSID=80490de4a62d567bb21ea3b9537dd0d8\"> Tep Loungin &#8211; broekbakema<\/a> (art\u00edculo con descripci\u00f3n y fotograf\u00edas del proyecto en la web del estudio de arquitectura)<br \/>\n+ <a href=\"http:\/\/www.architectenwerk.nl\/kleineruimte\/loungin.htm\">Tep Loungin &#8211; architectenwerk<\/a> (art\u00edculo con texto y fotograf\u00edas)<\/p>\n","protected":false},"excerpt":{"rendered":"<p>Tep Loungin, Rotterdam-Netherlands (2001). Arquitectura, Aldo Vos and Siebold Nijenhuis (BroekBakema). Fotograf\u00edas, broekbakema.nl Este peque\u00f1o pabell\u00f3n se construy\u00f3 para albergar una exposici\u00f3n temporal sobre arquitectura con capacidad para unas 20 personas (en la actualidad funciona como oficina de informaci\u00f3n de &hellip; <a href=\"https:\/\/blog.bellostes.com\/?p=494\">Continua leyendo <span class=\"meta-nav\">&raquo;<\/span><\/a><\/p>\n","protected":false},"author":1,"featured_media":0,"comment_status":"open","ping_status":"open","sticky":false,"template":"","format":"standard","meta":{"footnotes":""},"categories":[7,72,22,45,37,34],"tags":[93,87],"class_list":["post-494","post","type-post","status-publish","format-standard","hentry","category-arquitects","category-arquitectura-itinerante","category-arquitectura-modular","category-arquitectura-y-multimedia","category-proyectos-espacios-culturales","category-proyectos-micro-equipamientos","tag-pabellones-temporales","tag-oficinas-de-informacion"],"_links":{"self":[{"href":"https:\/\/blog.bellostes.com\/index.php?rest_route=\/wp\/v2\/posts\/494","targetHints":{"allow":["GET"]}}],"collection":[{"href":"https:\/\/blog.bellostes.com\/index.php?rest_route=\/wp\/v2\/posts"}],"about":[{"href":"https:\/\/blog.bellostes.com\/index.php?rest_route=\/wp\/v2\/types\/post"}],"author":[{"embeddable":true,"href":"https:\/\/blog.bellostes.com\/index.php?rest_route=\/wp\/v2\/users\/1"}],"replies":[{"embeddable":true,"href":"https:\/\/blog.bellostes.com\/index.php?rest_route=%2Fwp%2Fv2%2Fcomments&post=494"}],"version-history":[{"count":0,"href":"https:\/\/blog.bellostes.com\/index.php?rest_route=\/wp\/v2\/posts\/494\/revisions"}],"wp:attachment":[{"href":"https:\/\/blog.bellostes.com\/index.php?rest_route=%2Fwp%2Fv2%2Fmedia&parent=494"}],"wp:term":[{"taxonomy":"category","embeddable":true,"href":"https:\/\/blog.bellostes.com\/index.php?rest_route=%2Fwp%2Fv2%2Fcategories&post=494"},{"taxonomy":"post_tag","embeddable":true,"href":"https:\/\/blog.bellostes.com\/index.php?rest_route=%2Fwp%2Fv2%2Ftags&post=494"}],"curies":[{"name":"wp","href":"https:\/\/api.w.org\/{rel}","templated":true}]}}