{"id":540,"date":"2008-01-21T08:26:59","date_gmt":"2008-01-21T13:26:59","guid":{"rendered":"https:\/\/blog.bellostes.com\/?p=540"},"modified":"2014-03-11T20:12:10","modified_gmt":"2014-03-11T19:12:10","slug":"pablo-f-diaz-fierros-fotografia-de-arquitectura","status":"publish","type":"post","link":"https:\/\/blog.bellostes.com\/?p=540","title":{"rendered":"Pablo F. Diaz-Fierros &#8211; fotograf\u00eda de arquitectura"},"content":{"rendered":"<p><img decoding=\"async\" id=\"image541\" alt=\"led me.png\" src=\"https:\/\/blog.bellostes.com\/media\/led%20me.png\" \/><\/p>\n<p>led|me, transite 2006, Ja\u00e9n-sp. Arquitectura, Paula Alvarez Ben\u00edtez, Ana Fernandez Gonzalez, Jose Mar\u00eda Gal\u00e1n Conde y Elena Soriano Covars\u00ed (<a href=\"http:\/\/sinistudio.blogspot.com\/\">sin|studio arquitectura<\/a>). Fotograf\u00edas, Pablo F. Diaz-Fierros.<\/p>\n<p>El arquitecto y fot\u00f3grafo Pablo F. Diaz-Fierros, expone en su web una muy interesante selecci\u00f3n de reportajes de arquitectura, entre los que se incluyen exposiciones, viviendas o equipamientos culturales como la Rehabilitaci\u00f3n del molino de Martos en C\u00f3rdoba (Juan Navarro Baldeweg) o el Museo Picasso de M\u00e1laga (Richard Gluckman, Isabel C\u00e1mara y Rafael Mart\u00edn).<\/p>\n<p>+ <a href=\"http:\/\/pablodiazfierros.com\/galeriareportajes\/\">Pablo F. Diaz-Fierros &#8211; reportajes de arquitectura<\/a><\/p>\n<p>Sobre la \u00abinstalaci\u00f3n de arquitectura ef\u00edmera led|me\u00bb pod\u00e9is ver m\u00e1s informaci\u00f3n en:<\/p>\n<p>+ <a href=\"http:\/\/sinistudio.blogspot.com\/search\/label\/led%7Cme\">led|me &#8211; sin|studio<\/a> (dossier de post que incluyen las etapas de montaje y dise\u00f1o de la instalaci\u00f3n)<\/p>\n","protected":false},"excerpt":{"rendered":"<p>led|me, transite 2006, Ja\u00e9n-sp. Arquitectura, Paula Alvarez Ben\u00edtez, Ana Fernandez Gonzalez, Jose Mar\u00eda Gal\u00e1n Conde y Elena Soriano Covars\u00ed (sin|studio arquitectura). Fotograf\u00edas, Pablo F. Diaz-Fierros. El arquitecto y fot\u00f3grafo Pablo F. Diaz-Fierros, expone en su web una muy interesante selecci\u00f3n &hellip; <a href=\"https:\/\/blog.bellostes.com\/?p=540\">Continua leyendo <span class=\"meta-nav\">&raquo;<\/span><\/a><\/p>\n","protected":false},"author":1,"featured_media":0,"comment_status":"open","ping_status":"open","sticky":false,"template":"","format":"standard","meta":{"footnotes":""},"categories":[7,20,8],"tags":[],"class_list":["post-540","post","type-post","status-publish","format-standard","hentry","category-arquitects","category-arquitectura-efimera","category-fotografia"],"_links":{"self":[{"href":"https:\/\/blog.bellostes.com\/index.php?rest_route=\/wp\/v2\/posts\/540","targetHints":{"allow":["GET"]}}],"collection":[{"href":"https:\/\/blog.bellostes.com\/index.php?rest_route=\/wp\/v2\/posts"}],"about":[{"href":"https:\/\/blog.bellostes.com\/index.php?rest_route=\/wp\/v2\/types\/post"}],"author":[{"embeddable":true,"href":"https:\/\/blog.bellostes.com\/index.php?rest_route=\/wp\/v2\/users\/1"}],"replies":[{"embeddable":true,"href":"https:\/\/blog.bellostes.com\/index.php?rest_route=%2Fwp%2Fv2%2Fcomments&post=540"}],"version-history":[{"count":1,"href":"https:\/\/blog.bellostes.com\/index.php?rest_route=\/wp\/v2\/posts\/540\/revisions"}],"predecessor-version":[{"id":27856,"href":"https:\/\/blog.bellostes.com\/index.php?rest_route=\/wp\/v2\/posts\/540\/revisions\/27856"}],"wp:attachment":[{"href":"https:\/\/blog.bellostes.com\/index.php?rest_route=%2Fwp%2Fv2%2Fmedia&parent=540"}],"wp:term":[{"taxonomy":"category","embeddable":true,"href":"https:\/\/blog.bellostes.com\/index.php?rest_route=%2Fwp%2Fv2%2Fcategories&post=540"},{"taxonomy":"post_tag","embeddable":true,"href":"https:\/\/blog.bellostes.com\/index.php?rest_route=%2Fwp%2Fv2%2Ftags&post=540"}],"curies":[{"name":"wp","href":"https:\/\/api.w.org\/{rel}","templated":true}]}}