{"id":6252,"date":"2010-10-04T11:58:52","date_gmt":"2010-10-04T09:58:52","guid":{"rendered":"https:\/\/blog.bellostes.com\/?p=6252"},"modified":"2010-10-04T11:58:52","modified_gmt":"2010-10-04T09:58:52","slug":"lavar-y-cortar-curved-walls-salon-soan","status":"publish","type":"post","link":"https:\/\/blog.bellostes.com\/?p=6252","title":{"rendered":"lavar y cortar &#8211; curved walls, salon soan"},"content":{"rendered":"<p><a rel=\"attachment wp-att-6281\" href=\"https:\/\/blog.bellostes.com\/?attachment_id=6281\"><img loading=\"lazy\" decoding=\"async\" class=\"alignnone size-full wp-image-6281\" title=\"Curved walls salon soan 01\" src=\"https:\/\/blog.bellostes.com\/media\/Curved-walls-salon-soan-01.png\" alt=\"\" width=\"675\" height=\"193\" srcset=\"https:\/\/blog.bellostes.com\/media\/Curved-walls-salon-soan-01.png 675w, https:\/\/blog.bellostes.com\/media\/Curved-walls-salon-soan-01-330x94.png 330w\" sizes=\"auto, (max-width: 675px) 100vw, 675px\" \/><\/a><\/p>\n<p>Curved walls, salon soan. Nagoya &#8211; Japan (2010). Arquitectura, Kentaro Kurihara, Miho Iwatsuki, \u00abStudio Velocity\u00bb. Fotograf\u00edas, architecturephoto.net.<\/p>\n<p>El proyecto resuelve la construcci\u00f3n de una tienda destinada a peluquer\u00eda.<\/p>\n<p><a rel=\"attachment wp-att-6282\" href=\"https:\/\/blog.bellostes.com\/?attachment_id=6282\"><img loading=\"lazy\" decoding=\"async\" class=\"alignnone size-full wp-image-6282\" title=\"Curved walls salon soan 02\" src=\"https:\/\/blog.bellostes.com\/media\/Curved-walls-salon-soan-02.png\" alt=\"\" width=\"675\" height=\"197\" srcset=\"https:\/\/blog.bellostes.com\/media\/Curved-walls-salon-soan-02.png 675w, https:\/\/blog.bellostes.com\/media\/Curved-walls-salon-soan-02-330x96.png 330w\" sizes=\"auto, (max-width: 675px) 100vw, 675px\" \/><\/a><\/p>\n<p>La forma lineal junto con la disposici\u00f3n en diagonal de la planta, permite   compaginar el programa con la necesidad de disponer de un \u00e1rea de   estacionamiento para los clientes en continuidad con el jard\u00edn. De tal manera que la presencia del edificio, en relaci\u00f3n con la calle,    queda limitada a la puerta de entrada, dejando espacio para crear un   \u00e1rea de acogida o vest\u00edbulo exterior.<\/p>\n<p><a rel=\"attachment wp-att-6283\" href=\"https:\/\/blog.bellostes.com\/?attachment_id=6283\"><img loading=\"lazy\" decoding=\"async\" class=\"alignnone size-full wp-image-6283\" title=\"Curved walls salon soan\" src=\"https:\/\/blog.bellostes.com\/media\/Curved-walls-salon-soan.png\" alt=\"\" width=\"675\" height=\"197\" srcset=\"https:\/\/blog.bellostes.com\/media\/Curved-walls-salon-soan.png 675w, https:\/\/blog.bellostes.com\/media\/Curved-walls-salon-soan-330x96.png 330w\" sizes=\"auto, (max-width: 675px) 100vw, 675px\" \/><\/a><\/p>\n<p>Y el interior queda definido por un entorno tranquilo y agradable, bien iluminado y abierto al jard\u00edn.<\/p>\n<p>+ <a href=\"http:\/\/www.studiovelocity.jp\/title\/page\/index\/newsSYNTHETIC.html\">Curved walls, salon soan &#8211; Studio Velocity<\/a> (fotograf\u00edas)<br \/>\n+\u00a0<a href=\"http:\/\/architecturephoto.net\/jp\/2010\/09\/studio_velocity.html\">Curved walls, salon soan &#8211; architecturephoto<\/a> (art\u00edculo de texto con fotograf\u00edas y planos)<\/p>\n","protected":false},"excerpt":{"rendered":"<p>Curved walls, salon soan. Nagoya &#8211; Japan (2010). Arquitectura, Kentaro Kurihara, Miho Iwatsuki, \u00abStudio Velocity\u00bb. Fotograf\u00edas, architecturephoto.net. El proyecto resuelve la construcci\u00f3n de una tienda destinada a peluquer\u00eda. La forma lineal junto con la disposici\u00f3n en diagonal de la planta, &hellip; <a href=\"https:\/\/blog.bellostes.com\/?p=6252\">Continua leyendo <span class=\"meta-nav\">&raquo;<\/span><\/a><\/p>\n","protected":false},"author":1,"featured_media":0,"comment_status":"open","ping_status":"open","sticky":false,"template":"","format":"standard","meta":{"footnotes":""},"categories":[7,36,34],"tags":[],"class_list":["post-6252","post","type-post","status-publish","format-standard","hentry","category-arquitects","category-proyectos-espacios-comerciales","category-proyectos-micro-equipamientos"],"_links":{"self":[{"href":"https:\/\/blog.bellostes.com\/index.php?rest_route=\/wp\/v2\/posts\/6252","targetHints":{"allow":["GET"]}}],"collection":[{"href":"https:\/\/blog.bellostes.com\/index.php?rest_route=\/wp\/v2\/posts"}],"about":[{"href":"https:\/\/blog.bellostes.com\/index.php?rest_route=\/wp\/v2\/types\/post"}],"author":[{"embeddable":true,"href":"https:\/\/blog.bellostes.com\/index.php?rest_route=\/wp\/v2\/users\/1"}],"replies":[{"embeddable":true,"href":"https:\/\/blog.bellostes.com\/index.php?rest_route=%2Fwp%2Fv2%2Fcomments&post=6252"}],"version-history":[{"count":45,"href":"https:\/\/blog.bellostes.com\/index.php?rest_route=\/wp\/v2\/posts\/6252\/revisions"}],"predecessor-version":[{"id":12157,"href":"https:\/\/blog.bellostes.com\/index.php?rest_route=\/wp\/v2\/posts\/6252\/revisions\/12157"}],"wp:attachment":[{"href":"https:\/\/blog.bellostes.com\/index.php?rest_route=%2Fwp%2Fv2%2Fmedia&parent=6252"}],"wp:term":[{"taxonomy":"category","embeddable":true,"href":"https:\/\/blog.bellostes.com\/index.php?rest_route=%2Fwp%2Fv2%2Fcategories&post=6252"},{"taxonomy":"post_tag","embeddable":true,"href":"https:\/\/blog.bellostes.com\/index.php?rest_route=%2Fwp%2Fv2%2Ftags&post=6252"}],"curies":[{"name":"wp","href":"https:\/\/api.w.org\/{rel}","templated":true}]}}