{"id":629,"date":"2008-02-14T04:38:04","date_gmt":"2008-02-14T09:38:04","guid":{"rendered":"https:\/\/blog.bellostes.com\/?p=629"},"modified":"2008-12-24T05:00:29","modified_gmt":"2008-12-24T10:00:29","slug":"curvas-blancas-studio-weil","status":"publish","type":"post","link":"https:\/\/blog.bellostes.com\/?p=629","title":{"rendered":"curvas blancas &#8211; studio Weil"},"content":{"rendered":"<p><img decoding=\"async\" id=\"image631\" src=\"https:\/\/blog.bellostes.com\/media\/Studio%20Weil.png\" alt=\"Studio Weil.png\" \/><\/p>\n<p>Studio Weil, Port d&#8217;Andratx, Mallorca-Sp (2003). Arquitectura, Daniel Libeskind. Fotograf\u00edas, daniel-libeskind.com.<\/p>\n<p>El studio Weil re\u00fane en un mismo espacio el estudio-taller de la artista y la galer\u00eda de arte (museo) para la exposici\u00f3n de su obra.<\/p>\n<p><img decoding=\"async\" id=\"image632\" src=\"https:\/\/blog.bellostes.com\/media\/Studio%20Weil%201.png\" alt=\"Studio Weil 1.png\" \/><\/p>\n<p>Los muros curvados de blanco mediterr\u00e1neo, forman una peque\u00f1a isla, un espacio domestico donde habita el alma de la artista, la materia de la expresi\u00f3n de la sensibilidad, la creatividad, el pensamiento &#8230; el lugar del arte es el lugar de la meditaci\u00f3n, la acci\u00f3n y la comunicaci\u00f3n&#8230;<\/p>\n<p>+ <a href=\"http:\/\/www.studioweil.com\/studio\/spstudio.html\">Studio Weil &#8211; Studio Barbara Weil<\/a> ( enlace a la web de la artista Barbara Weil, incluye art\u00edculo con texto y fotograf\u00edas)<br \/>\n+ <a href=\"http:\/\/www.daniel-libeskind.com\/projects\/show-all\/studio-weil\/\">Studio Well &#8211; Daniel Libeskind<\/a> (enlace a la web del estudio del arquitectura, con descripci\u00f3n y fotograf\u00edas del proyecto)<br \/>\n+ <a href=\"http:\/\/www.bitterbredt.de\/\">Studio Well &#8211; Bitter Bredt <\/a> (enlace a la web del fot\u00f3grafo donde pod\u00e9is ver un reportaje de fotograf\u00edas del edificio)<br \/>\n+ <a href=\"http:\/\/www.inigobujedo.com\/flash.html\">Studio Well &#8211; I\u00f1igo Bujeo<\/a> (enlace a la web del fot\u00f3grafo donde pod\u00e9is ver un reportaje de fotograf\u00edas del edificio)<\/p>\n","protected":false},"excerpt":{"rendered":"<p>Studio Weil, Port d&#8217;Andratx, Mallorca-Sp (2003). Arquitectura, Daniel Libeskind. Fotograf\u00edas, daniel-libeskind.com. El studio Weil re\u00fane en un mismo espacio el estudio-taller de la artista y la galer\u00eda de arte (museo) para la exposici\u00f3n de su obra. Los muros curvados de &hellip; <a href=\"https:\/\/blog.bellostes.com\/?p=629\">Continua leyendo <span class=\"meta-nav\">&raquo;<\/span><\/a><\/p>\n","protected":false},"author":1,"featured_media":0,"comment_status":"open","ping_status":"open","sticky":false,"template":"","format":"standard","meta":{"footnotes":""},"categories":[7,37],"tags":[96],"class_list":["post-629","post","type-post","status-publish","format-standard","hentry","category-arquitects","category-proyectos-espacios-culturales","tag-galerias-de-arte"],"_links":{"self":[{"href":"https:\/\/blog.bellostes.com\/index.php?rest_route=\/wp\/v2\/posts\/629","targetHints":{"allow":["GET"]}}],"collection":[{"href":"https:\/\/blog.bellostes.com\/index.php?rest_route=\/wp\/v2\/posts"}],"about":[{"href":"https:\/\/blog.bellostes.com\/index.php?rest_route=\/wp\/v2\/types\/post"}],"author":[{"embeddable":true,"href":"https:\/\/blog.bellostes.com\/index.php?rest_route=\/wp\/v2\/users\/1"}],"replies":[{"embeddable":true,"href":"https:\/\/blog.bellostes.com\/index.php?rest_route=%2Fwp%2Fv2%2Fcomments&post=629"}],"version-history":[{"count":0,"href":"https:\/\/blog.bellostes.com\/index.php?rest_route=\/wp\/v2\/posts\/629\/revisions"}],"wp:attachment":[{"href":"https:\/\/blog.bellostes.com\/index.php?rest_route=%2Fwp%2Fv2%2Fmedia&parent=629"}],"wp:term":[{"taxonomy":"category","embeddable":true,"href":"https:\/\/blog.bellostes.com\/index.php?rest_route=%2Fwp%2Fv2%2Fcategories&post=629"},{"taxonomy":"post_tag","embeddable":true,"href":"https:\/\/blog.bellostes.com\/index.php?rest_route=%2Fwp%2Fv2%2Ftags&post=629"}],"curies":[{"name":"wp","href":"https:\/\/api.w.org\/{rel}","templated":true}]}}