{"id":6971,"date":"2010-10-25T12:34:31","date_gmt":"2010-10-25T10:34:31","guid":{"rendered":"https:\/\/blog.bellostes.com\/?p=6971"},"modified":"2010-10-25T12:42:44","modified_gmt":"2010-10-25T10:42:44","slug":"pedro-kok-fotografias-de-arquitectura","status":"publish","type":"post","link":"https:\/\/blog.bellostes.com\/?p=6971","title":{"rendered":"Pedro Kok &#8211; fotograf\u00edas de arquitectura"},"content":{"rendered":"<p><a rel=\"attachment wp-att-7383\" href=\"https:\/\/blog.bellostes.com\/?attachment_id=7383\"><img loading=\"lazy\" decoding=\"async\" class=\"alignnone size-full wp-image-7383\" title=\"Rietveld Pavilion 01\" src=\"https:\/\/blog.bellostes.com\/media\/Rietveld-Pavilion-01.png\" alt=\"\" width=\"675\" height=\"199\" srcset=\"https:\/\/blog.bellostes.com\/media\/Rietveld-Pavilion-01.png 675w, https:\/\/blog.bellostes.com\/media\/Rietveld-Pavilion-01-330x97.png 330w\" sizes=\"auto, (max-width: 675px) 100vw, 675px\" \/><\/a><\/p>\n<p>Rietveld Pavilion (Kr\u00f6ller-M\u00fcller Museum, Sculpture Garden), Otterlo -Netherlands (1955). Arquitectura, Gerrit Rietveld. Fotograf\u00edas, Pedro Kok.<\/p>\n<p>El fot\u00f3grafo \u201cPedro Kok\u201d muestra en su p\u00e1gina una interesante y completa selecci\u00f3n de proyectos de arquitectura.<\/p>\n<p>+ <a href=\"http:\/\/www.pedrokok.com.br\/en\/\">Pedro Kok \u2013 reportajes de fotograf\u00edas<\/a><\/p>\n<p>M\u00e1s informaci\u00f3n sobre el proyecto en:<\/p>\n<p>+ <a href=\"http:\/\/www.archdaily.com\/81555\/rietveld-pavilion-at-the-kroller-muller-sculpture-garden\/#more-81555\">Rietveld Pavilion &#8211; ArchDaily<\/a> (art\u00edculo de texto con fotograf\u00edas)<br \/>\n+ <a href=\"http:\/\/www.kmm.nl\/news\/188\/Gilbert-&amp;-George-in-Otterlo?lang=en\">Rietveld Pavilion &#8211; Kr\u00f6ller-M\u00fcller Museum<\/a> (art\u00edculo de texto con fotograf\u00eda)<br \/>\n+ <a href=\"http:\/\/www.pedrokok.com.br\/en\/2010\/10\/pavilhao-rietveld-no-jardim-de-esculturas-kroller-muller-otterlo-holanda\/\">Rietveld Pavilion &#8211; Pedro Kok<\/a> (reportaje de fotograf\u00edas)<\/p>\n","protected":false},"excerpt":{"rendered":"<p>Rietveld Pavilion (Kr\u00f6ller-M\u00fcller Museum, Sculpture Garden), Otterlo -Netherlands (1955). Arquitectura, Gerrit Rietveld. Fotograf\u00edas, Pedro Kok. El fot\u00f3grafo \u201cPedro Kok\u201d muestra en su p\u00e1gina una interesante y completa selecci\u00f3n de proyectos de arquitectura. + Pedro Kok \u2013 reportajes de fotograf\u00edas M\u00e1s &hellip; <a href=\"https:\/\/blog.bellostes.com\/?p=6971\">Continua leyendo <span class=\"meta-nav\">&raquo;<\/span><\/a><\/p>\n","protected":false},"author":1,"featured_media":0,"comment_status":"open","ping_status":"open","sticky":false,"template":"","format":"standard","meta":{"footnotes":""},"categories":[7,8,37],"tags":[69,83],"class_list":["post-6971","post","type-post","status-publish","format-standard","hentry","category-arquitects","category-fotografia","category-proyectos-espacios-culturales","tag-museos","tag-pabellones"],"_links":{"self":[{"href":"https:\/\/blog.bellostes.com\/index.php?rest_route=\/wp\/v2\/posts\/6971","targetHints":{"allow":["GET"]}}],"collection":[{"href":"https:\/\/blog.bellostes.com\/index.php?rest_route=\/wp\/v2\/posts"}],"about":[{"href":"https:\/\/blog.bellostes.com\/index.php?rest_route=\/wp\/v2\/types\/post"}],"author":[{"embeddable":true,"href":"https:\/\/blog.bellostes.com\/index.php?rest_route=\/wp\/v2\/users\/1"}],"replies":[{"embeddable":true,"href":"https:\/\/blog.bellostes.com\/index.php?rest_route=%2Fwp%2Fv2%2Fcomments&post=6971"}],"version-history":[{"count":24,"href":"https:\/\/blog.bellostes.com\/index.php?rest_route=\/wp\/v2\/posts\/6971\/revisions"}],"predecessor-version":[{"id":7392,"href":"https:\/\/blog.bellostes.com\/index.php?rest_route=\/wp\/v2\/posts\/6971\/revisions\/7392"}],"wp:attachment":[{"href":"https:\/\/blog.bellostes.com\/index.php?rest_route=%2Fwp%2Fv2%2Fmedia&parent=6971"}],"wp:term":[{"taxonomy":"category","embeddable":true,"href":"https:\/\/blog.bellostes.com\/index.php?rest_route=%2Fwp%2Fv2%2Fcategories&post=6971"},{"taxonomy":"post_tag","embeddable":true,"href":"https:\/\/blog.bellostes.com\/index.php?rest_route=%2Fwp%2Fv2%2Ftags&post=6971"}],"curies":[{"name":"wp","href":"https:\/\/api.w.org\/{rel}","templated":true}]}}